{"id":12553,"date":"2026-04-05T15:05:00","date_gmt":"2026-04-05T13:05:00","guid":{"rendered":"https:\/\/happynessradio.fr\/oise\/?p=12553"},"modified":"2026-04-04T20:51:43","modified_gmt":"2026-04-04T18:51:43","slug":"meteo-oise-nuages-et-soleil-pour-cette-semaine","status":"publish","type":"post","link":"https:\/\/happynessradio.fr\/oise\/articles\/meteo-oise-nuages-et-soleil-pour-cette-semaine\/","title":{"rendered":"M\u00e9t\u00e9o Oise : Nuages et soleil pour cette semaine"},"content":{"rendered":"\n<p><em>Cette semaine dans l&rsquo;Oise, pr\u00e9sence de nuages, et notamment du soleil en particulier en milieu de semaine mais les nuages seront aussi au rendez-vous avec notamment des averses pour jeudi du c\u00f4t\u00e9 de Compi\u00e8gne.<\/em><\/p>\n\n\n\n<h2 class=\"wp-block-heading\">Beauvais<\/h2>\n\n\n\n<p>Ce lundi \u00e0 Beauvais, \u00e0 l&rsquo;approche des vacances scolaires de p\u00e2ques, <a href=\"https:\/\/www.accuweather.com\/\" id=\"https:\/\/www.accuweather.com\/\">les nuages<\/a> seront pr\u00e9sents par intermittence avec une quinzaine de degr\u00e9s. C&rsquo;est le lendemain que le soleil sera au rendez-vous avec 21 au thermom\u00e8tre, et on pourra \u00e9galement en profiter durant la journ\u00e9e de mercredi avec 1 degr\u00e9s de plus. Pour terminer la semaine, les nuages feront leur retour, jeudi et vendredi. <\/p>\n\n\n\n<h2 class=\"wp-block-heading\">Compi\u00e8gne<\/h2>\n\n\n\n<p>Dans le compi\u00e9gnois, ce lundi de p\u00e2ques se d\u00e9roulera sous un ciel nuageux avec 16\u00b0C, mais rassurez vous le beau temps et notamment le soleil sera pr\u00e9sent dans le ciel mardi et mercredi avec des temp\u00e9ratures entre 21 et 22 degr\u00e9s. Jeudi, les averses viendront arroser le territoire, tandis que vendredi, un ciel couvert sera de la parti.<\/p>\n\n\n\n<h2 class=\"wp-block-heading\">Creil <\/h2>\n\n\n\n<p>Concernant le secteur du Creillois, le d\u00e9but de la semaine sera sous le signe de l&rsquo;astre solaire qui apportera un beau temps jusqu&rsquo;\u00e0 mercredi avec notamment 22 et 23\u00b0C.  Juste avant l&rsquo;arriv\u00e9e du week-end, pr\u00e9sence de nuages  au dessus de Creil et ses alentours. <\/p>\n\n\n\n<p><\/p>\n","protected":false},"excerpt":{"rendered":"<p>Cette semaine dans l&rsquo;Oise, pr\u00e9sence de nuages, et notamment du soleil en particulier en milieu de semaine mais les nuages seront aussi au rendez-vous avec notamment des averses pour jeudi du c\u00f4t\u00e9 de Compi\u00e8gne. Beauvais Ce lundi \u00e0 Beauvais, \u00e0 l&rsquo;approche des vacances scolaires de p\u00e2ques, les nuages seront pr\u00e9sents par intermittence avec une quinzaine de degr\u00e9s. C&rsquo;est le lendemain que le soleil sera au rendez-vous avec 21 au thermom\u00e8tre, et on pourra \u00e9galement en profiter durant la journ\u00e9e de mercredi avec 1 degr\u00e9s de plus. Pour terminer la semaine, les nuages feront leur retour, jeudi et vendredi. Compi\u00e8gne Dans le compi\u00e9gnois, ce lundi de p\u00e2ques se d\u00e9roulera sous un ciel nuageux avec 16\u00b0C, mais rassurez vous le beau temps et notamment le soleil sera pr\u00e9sent dans le ciel mardi et mercredi avec des temp\u00e9ratures entre 21 et 22 degr\u00e9s. Jeudi, les averses viendront arroser le territoire, tandis que vendredi, un ciel couvert sera de la parti. Creil Concernant le secteur du Creillois, le d\u00e9but de la semaine sera sous le signe de l&rsquo;astre solaire qui apportera un beau temps jusqu&rsquo;\u00e0 mercredi avec notamment 22 et 23\u00b0C. Juste avant l&rsquo;arriv\u00e9e du week-end, pr\u00e9sence de nuages au dessus de Creil et ses alentours.<\/p>\n","protected":false},"author":6,"featured_media":12554,"comment_status":"open","ping_status":"open","sticky":false,"template":"","format":"standard","meta":{"_lmt_disableupdate":"","_lmt_disable":"","footnotes":""},"categories":[8],"tags":[],"class_list":["post-12553","post","type-post","status-publish","format-standard","has-post-thumbnail","hentry","category-oise"],"yoast_head":"<!-- This site is optimized with the Yoast SEO plugin v27.5 - https:\/\/yoast.com\/product\/yoast-seo-wordpress\/ -->\n<title>M\u00e9t\u00e9o Oise : Nuages et soleil pour cette semaine - Happyness Oise<\/title>\n<meta name=\"description\" content=\"D\u00e9couvrez les pr\u00e9visions m\u00e9t\u00e9o de la semaine dans l&#039;Oise. Entre soleil radieux \u00e0 Beauvais et Creil (jusqu&#039;\u00e0 23\u00b0C) et averses attendues \u00e0 Compi\u00e8gne ce jeudi, pr\u00e9parez vos sorties avant les vacances de P\u00e2ques.\" \/>\n<meta name=\"robots\" content=\"index, follow, max-snippet:-1, max-image-preview:large, max-video-preview:-1\" \/>\n<link rel=\"canonical\" href=\"https:\/\/happynessradio.fr\/oise\/articles\/meteo-oise-nuages-et-soleil-pour-cette-semaine\/\" \/>\n<meta property=\"og:locale\" content=\"fr_FR\" \/>\n<meta property=\"og:type\" content=\"article\" \/>\n<meta property=\"og:title\" content=\"M\u00e9t\u00e9o Oise : Nuages et soleil pour cette semaine - Happyness Oise\" \/>\n<meta property=\"og:description\" content=\"D\u00e9couvrez les pr\u00e9visions m\u00e9t\u00e9o de la semaine dans l&#039;Oise. Entre soleil radieux \u00e0 Beauvais et Creil (jusqu&#039;\u00e0 23\u00b0C) et averses attendues \u00e0 Compi\u00e8gne ce jeudi, pr\u00e9parez vos sorties avant les vacances de P\u00e2ques.\" \/>\n<meta property=\"og:url\" content=\"https:\/\/happynessradio.fr\/oise\/articles\/meteo-oise-nuages-et-soleil-pour-cette-semaine\/\" \/>\n<meta property=\"og:site_name\" content=\"Happyness Oise\" \/>\n<meta property=\"article:published_time\" content=\"2026-04-05T13:05:00+00:00\" \/>\n<meta property=\"og:image\" content=\"https:\/\/happynessradio.fr\/oise\/wp-content\/uploads\/sites\/2\/2026\/04\/MockUp-Visuels-articles-47.webp\" \/>\n\t<meta property=\"og:image:width\" content=\"1083\" \/>\n\t<meta property=\"og:image:height\" content=\"486\" \/>\n\t<meta property=\"og:image:type\" content=\"image\/webp\" \/>\n<meta name=\"author\" content=\"Lo\u00efc Dun\" \/>\n<meta name=\"twitter:card\" content=\"summary_large_image\" \/>\n<meta name=\"twitter:label1\" content=\"\u00c9crit par\" \/>\n\t<meta name=\"twitter:data1\" content=\"Lo\u00efc Dun\" \/>\n\t<meta name=\"twitter:label2\" content=\"Dur\u00e9e de lecture estim\u00e9e\" \/>\n\t<meta name=\"twitter:data2\" content=\"2 minutes\" \/>\n<script type=\"application\/ld+json\" class=\"yoast-schema-graph\">{\"@context\":\"https:\\\/\\\/schema.org\",\"@graph\":[{\"@type\":\"Article\",\"@id\":\"https:\\\/\\\/happynessradio.fr\\\/oise\\\/articles\\\/meteo-oise-nuages-et-soleil-pour-cette-semaine\\\/#article\",\"isPartOf\":{\"@id\":\"https:\\\/\\\/happynessradio.fr\\\/oise\\\/articles\\\/meteo-oise-nuages-et-soleil-pour-cette-semaine\\\/\"},\"author\":{\"name\":\"Lo\u00efc Dun\",\"@id\":\"https:\\\/\\\/happynessradio.fr\\\/oise\\\/#\\\/schema\\\/person\\\/735f1a1ba15f9478beb4249ad52f7252\"},\"headline\":\"M\u00e9t\u00e9o Oise : Nuages et soleil pour cette semaine\",\"datePublished\":\"2026-04-05T13:05:00+00:00\",\"mainEntityOfPage\":{\"@id\":\"https:\\\/\\\/happynessradio.fr\\\/oise\\\/articles\\\/meteo-oise-nuages-et-soleil-pour-cette-semaine\\\/\"},\"wordCount\":229,\"commentCount\":0,\"image\":{\"@id\":\"https:\\\/\\\/happynessradio.fr\\\/oise\\\/articles\\\/meteo-oise-nuages-et-soleil-pour-cette-semaine\\\/#primaryimage\"},\"thumbnailUrl\":\"https:\\\/\\\/happynessradio.fr\\\/oise\\\/wp-content\\\/uploads\\\/sites\\\/2\\\/2026\\\/04\\\/MockUp-Visuels-articles-47.webp\",\"articleSection\":[\"Oise\"],\"inLanguage\":\"fr-FR\",\"potentialAction\":[{\"@type\":\"CommentAction\",\"name\":\"Comment\",\"target\":[\"https:\\\/\\\/happynessradio.fr\\\/oise\\\/articles\\\/meteo-oise-nuages-et-soleil-pour-cette-semaine\\\/#respond\"]}]},{\"@type\":\"WebPage\",\"@id\":\"https:\\\/\\\/happynessradio.fr\\\/oise\\\/articles\\\/meteo-oise-nuages-et-soleil-pour-cette-semaine\\\/\",\"url\":\"https:\\\/\\\/happynessradio.fr\\\/oise\\\/articles\\\/meteo-oise-nuages-et-soleil-pour-cette-semaine\\\/\",\"name\":\"M\u00e9t\u00e9o Oise : Nuages et soleil pour cette semaine - Happyness Oise\",\"isPartOf\":{\"@id\":\"https:\\\/\\\/happynessradio.fr\\\/oise\\\/#website\"},\"primaryImageOfPage\":{\"@id\":\"https:\\\/\\\/happynessradio.fr\\\/oise\\\/articles\\\/meteo-oise-nuages-et-soleil-pour-cette-semaine\\\/#primaryimage\"},\"image\":{\"@id\":\"https:\\\/\\\/happynessradio.fr\\\/oise\\\/articles\\\/meteo-oise-nuages-et-soleil-pour-cette-semaine\\\/#primaryimage\"},\"thumbnailUrl\":\"https:\\\/\\\/happynessradio.fr\\\/oise\\\/wp-content\\\/uploads\\\/sites\\\/2\\\/2026\\\/04\\\/MockUp-Visuels-articles-47.webp\",\"datePublished\":\"2026-04-05T13:05:00+00:00\",\"author\":{\"@id\":\"https:\\\/\\\/happynessradio.fr\\\/oise\\\/#\\\/schema\\\/person\\\/735f1a1ba15f9478beb4249ad52f7252\"},\"description\":\"D\u00e9couvrez les pr\u00e9visions m\u00e9t\u00e9o de la semaine dans l'Oise. Entre soleil radieux \u00e0 Beauvais et Creil (jusqu'\u00e0 23\u00b0C) et averses attendues \u00e0 Compi\u00e8gne ce jeudi, pr\u00e9parez vos sorties avant les vacances de P\u00e2ques.\",\"breadcrumb\":{\"@id\":\"https:\\\/\\\/happynessradio.fr\\\/oise\\\/articles\\\/meteo-oise-nuages-et-soleil-pour-cette-semaine\\\/#breadcrumb\"},\"inLanguage\":\"fr-FR\",\"potentialAction\":[{\"@type\":\"ReadAction\",\"target\":[\"https:\\\/\\\/happynessradio.fr\\\/oise\\\/articles\\\/meteo-oise-nuages-et-soleil-pour-cette-semaine\\\/\"]}]},{\"@type\":\"ImageObject\",\"inLanguage\":\"fr-FR\",\"@id\":\"https:\\\/\\\/happynessradio.fr\\\/oise\\\/articles\\\/meteo-oise-nuages-et-soleil-pour-cette-semaine\\\/#primaryimage\",\"url\":\"https:\\\/\\\/happynessradio.fr\\\/oise\\\/wp-content\\\/uploads\\\/sites\\\/2\\\/2026\\\/04\\\/MockUp-Visuels-articles-47.webp\",\"contentUrl\":\"https:\\\/\\\/happynessradio.fr\\\/oise\\\/wp-content\\\/uploads\\\/sites\\\/2\\\/2026\\\/04\\\/MockUp-Visuels-articles-47.webp\",\"width\":1083,\"height\":486,\"caption\":\"Une vue en contre-plong\u00e9e d'un ciel bleu vif parsem\u00e9 de quelques nuages blancs cotonneux, avec un soleil radieux dont les rayons s'\u00e9tirent. Deux formes g\u00e9om\u00e9triques rouges encadrent les coins oppos\u00e9s.\"},{\"@type\":\"BreadcrumbList\",\"@id\":\"https:\\\/\\\/happynessradio.fr\\\/oise\\\/articles\\\/meteo-oise-nuages-et-soleil-pour-cette-semaine\\\/#breadcrumb\",\"itemListElement\":[{\"@type\":\"ListItem\",\"position\":1,\"name\":\"Accueil\",\"item\":\"https:\\\/\\\/happynessradio.fr\\\/oise\\\/\"},{\"@type\":\"ListItem\",\"position\":2,\"name\":\"M\u00e9t\u00e9o Oise : Nuages et soleil pour cette semaine\"}]},{\"@type\":\"WebSite\",\"@id\":\"https:\\\/\\\/happynessradio.fr\\\/oise\\\/#website\",\"url\":\"https:\\\/\\\/happynessradio.fr\\\/oise\\\/\",\"name\":\"Happyness Oise\",\"description\":\"Toujours au plus proche de vous\",\"potentialAction\":[{\"@type\":\"SearchAction\",\"target\":{\"@type\":\"EntryPoint\",\"urlTemplate\":\"https:\\\/\\\/happynessradio.fr\\\/oise\\\/?s={search_term_string}\"},\"query-input\":{\"@type\":\"PropertyValueSpecification\",\"valueRequired\":true,\"valueName\":\"search_term_string\"}}],\"inLanguage\":\"fr-FR\"},{\"@type\":\"Person\",\"@id\":\"https:\\\/\\\/happynessradio.fr\\\/oise\\\/#\\\/schema\\\/person\\\/735f1a1ba15f9478beb4249ad52f7252\",\"name\":\"Lo\u00efc Dun\",\"image\":{\"@type\":\"ImageObject\",\"inLanguage\":\"fr-FR\",\"@id\":\"https:\\\/\\\/happynessradio.fr\\\/amiens\\\/wp-content\\\/uploads\\\/sites\\\/3\\\/2025\\\/12\\\/cropped-Portrait-Loic-25-26-96x96.webp\",\"url\":\"https:\\\/\\\/happynessradio.fr\\\/amiens\\\/wp-content\\\/uploads\\\/sites\\\/3\\\/2025\\\/12\\\/cropped-Portrait-Loic-25-26-96x96.webp\",\"contentUrl\":\"https:\\\/\\\/happynessradio.fr\\\/amiens\\\/wp-content\\\/uploads\\\/sites\\\/3\\\/2025\\\/12\\\/cropped-Portrait-Loic-25-26-96x96.webp\",\"caption\":\"Lo\u00efc Dun\"},\"description\":\"R\u00e9dacteur web Happyness. Co-animateur (chroniqueur) Quoi d'neuf ? Amiens Chroniqueur Le R\u00e9veil Happyness\",\"sameAs\":[\"https:\\\/\\\/www.instagram.com\\\/lolo80radio\\\/\",\"https:\\\/\\\/www.linkedin.com\\\/in\\\/loc-d-365960164\\\/\"],\"url\":\"https:\\\/\\\/happynessradio.fr\\\/oise\\\/articles\\\/author\\\/loicdun\\\/\"}]}<\/script>\n<!-- \/ Yoast SEO plugin. -->","yoast_head_json":{"title":"M\u00e9t\u00e9o Oise : Nuages et soleil pour cette semaine - Happyness Oise","description":"D\u00e9couvrez les pr\u00e9visions m\u00e9t\u00e9o de la semaine dans l'Oise. Entre soleil radieux \u00e0 Beauvais et Creil (jusqu'\u00e0 23\u00b0C) et averses attendues \u00e0 Compi\u00e8gne ce jeudi, pr\u00e9parez vos sorties avant les vacances de P\u00e2ques.","robots":{"index":"index","follow":"follow","max-snippet":"max-snippet:-1","max-image-preview":"max-image-preview:large","max-video-preview":"max-video-preview:-1"},"canonical":"https:\/\/happynessradio.fr\/oise\/articles\/meteo-oise-nuages-et-soleil-pour-cette-semaine\/","og_locale":"fr_FR","og_type":"article","og_title":"M\u00e9t\u00e9o Oise : Nuages et soleil pour cette semaine - Happyness Oise","og_description":"D\u00e9couvrez les pr\u00e9visions m\u00e9t\u00e9o de la semaine dans l'Oise. Entre soleil radieux \u00e0 Beauvais et Creil (jusqu'\u00e0 23\u00b0C) et averses attendues \u00e0 Compi\u00e8gne ce jeudi, pr\u00e9parez vos sorties avant les vacances de P\u00e2ques.","og_url":"https:\/\/happynessradio.fr\/oise\/articles\/meteo-oise-nuages-et-soleil-pour-cette-semaine\/","og_site_name":"Happyness Oise","article_published_time":"2026-04-05T13:05:00+00:00","og_image":[{"width":1083,"height":486,"url":"https:\/\/happynessradio.fr\/oise\/wp-content\/uploads\/sites\/2\/2026\/04\/MockUp-Visuels-articles-47.webp","type":"image\/webp"}],"author":"Lo\u00efc Dun","twitter_card":"summary_large_image","twitter_misc":{"\u00c9crit par":"Lo\u00efc Dun","Dur\u00e9e de lecture estim\u00e9e":"2 minutes"},"schema":{"@context":"https:\/\/schema.org","@graph":[{"@type":"Article","@id":"https:\/\/happynessradio.fr\/oise\/articles\/meteo-oise-nuages-et-soleil-pour-cette-semaine\/#article","isPartOf":{"@id":"https:\/\/happynessradio.fr\/oise\/articles\/meteo-oise-nuages-et-soleil-pour-cette-semaine\/"},"author":{"name":"Lo\u00efc Dun","@id":"https:\/\/happynessradio.fr\/oise\/#\/schema\/person\/735f1a1ba15f9478beb4249ad52f7252"},"headline":"M\u00e9t\u00e9o Oise : Nuages et soleil pour cette semaine","datePublished":"2026-04-05T13:05:00+00:00","mainEntityOfPage":{"@id":"https:\/\/happynessradio.fr\/oise\/articles\/meteo-oise-nuages-et-soleil-pour-cette-semaine\/"},"wordCount":229,"commentCount":0,"image":{"@id":"https:\/\/happynessradio.fr\/oise\/articles\/meteo-oise-nuages-et-soleil-pour-cette-semaine\/#primaryimage"},"thumbnailUrl":"https:\/\/happynessradio.fr\/oise\/wp-content\/uploads\/sites\/2\/2026\/04\/MockUp-Visuels-articles-47.webp","articleSection":["Oise"],"inLanguage":"fr-FR","potentialAction":[{"@type":"CommentAction","name":"Comment","target":["https:\/\/happynessradio.fr\/oise\/articles\/meteo-oise-nuages-et-soleil-pour-cette-semaine\/#respond"]}]},{"@type":"WebPage","@id":"https:\/\/happynessradio.fr\/oise\/articles\/meteo-oise-nuages-et-soleil-pour-cette-semaine\/","url":"https:\/\/happynessradio.fr\/oise\/articles\/meteo-oise-nuages-et-soleil-pour-cette-semaine\/","name":"M\u00e9t\u00e9o Oise : Nuages et soleil pour cette semaine - Happyness Oise","isPartOf":{"@id":"https:\/\/happynessradio.fr\/oise\/#website"},"primaryImageOfPage":{"@id":"https:\/\/happynessradio.fr\/oise\/articles\/meteo-oise-nuages-et-soleil-pour-cette-semaine\/#primaryimage"},"image":{"@id":"https:\/\/happynessradio.fr\/oise\/articles\/meteo-oise-nuages-et-soleil-pour-cette-semaine\/#primaryimage"},"thumbnailUrl":"https:\/\/happynessradio.fr\/oise\/wp-content\/uploads\/sites\/2\/2026\/04\/MockUp-Visuels-articles-47.webp","datePublished":"2026-04-05T13:05:00+00:00","author":{"@id":"https:\/\/happynessradio.fr\/oise\/#\/schema\/person\/735f1a1ba15f9478beb4249ad52f7252"},"description":"D\u00e9couvrez les pr\u00e9visions m\u00e9t\u00e9o de la semaine dans l'Oise. Entre soleil radieux \u00e0 Beauvais et Creil (jusqu'\u00e0 23\u00b0C) et averses attendues \u00e0 Compi\u00e8gne ce jeudi, pr\u00e9parez vos sorties avant les vacances de P\u00e2ques.","breadcrumb":{"@id":"https:\/\/happynessradio.fr\/oise\/articles\/meteo-oise-nuages-et-soleil-pour-cette-semaine\/#breadcrumb"},"inLanguage":"fr-FR","potentialAction":[{"@type":"ReadAction","target":["https:\/\/happynessradio.fr\/oise\/articles\/meteo-oise-nuages-et-soleil-pour-cette-semaine\/"]}]},{"@type":"ImageObject","inLanguage":"fr-FR","@id":"https:\/\/happynessradio.fr\/oise\/articles\/meteo-oise-nuages-et-soleil-pour-cette-semaine\/#primaryimage","url":"https:\/\/happynessradio.fr\/oise\/wp-content\/uploads\/sites\/2\/2026\/04\/MockUp-Visuels-articles-47.webp","contentUrl":"https:\/\/happynessradio.fr\/oise\/wp-content\/uploads\/sites\/2\/2026\/04\/MockUp-Visuels-articles-47.webp","width":1083,"height":486,"caption":"Une vue en contre-plong\u00e9e d'un ciel bleu vif parsem\u00e9 de quelques nuages blancs cotonneux, avec un soleil radieux dont les rayons s'\u00e9tirent. Deux formes g\u00e9om\u00e9triques rouges encadrent les coins oppos\u00e9s."},{"@type":"BreadcrumbList","@id":"https:\/\/happynessradio.fr\/oise\/articles\/meteo-oise-nuages-et-soleil-pour-cette-semaine\/#breadcrumb","itemListElement":[{"@type":"ListItem","position":1,"name":"Accueil","item":"https:\/\/happynessradio.fr\/oise\/"},{"@type":"ListItem","position":2,"name":"M\u00e9t\u00e9o Oise : Nuages et soleil pour cette semaine"}]},{"@type":"WebSite","@id":"https:\/\/happynessradio.fr\/oise\/#website","url":"https:\/\/happynessradio.fr\/oise\/","name":"Happyness Oise","description":"Toujours au plus proche de vous","potentialAction":[{"@type":"SearchAction","target":{"@type":"EntryPoint","urlTemplate":"https:\/\/happynessradio.fr\/oise\/?s={search_term_string}"},"query-input":{"@type":"PropertyValueSpecification","valueRequired":true,"valueName":"search_term_string"}}],"inLanguage":"fr-FR"},{"@type":"Person","@id":"https:\/\/happynessradio.fr\/oise\/#\/schema\/person\/735f1a1ba15f9478beb4249ad52f7252","name":"Lo\u00efc Dun","image":{"@type":"ImageObject","inLanguage":"fr-FR","@id":"https:\/\/happynessradio.fr\/amiens\/wp-content\/uploads\/sites\/3\/2025\/12\/cropped-Portrait-Loic-25-26-96x96.webp","url":"https:\/\/happynessradio.fr\/amiens\/wp-content\/uploads\/sites\/3\/2025\/12\/cropped-Portrait-Loic-25-26-96x96.webp","contentUrl":"https:\/\/happynessradio.fr\/amiens\/wp-content\/uploads\/sites\/3\/2025\/12\/cropped-Portrait-Loic-25-26-96x96.webp","caption":"Lo\u00efc Dun"},"description":"R\u00e9dacteur web Happyness. Co-animateur (chroniqueur) Quoi d'neuf ? Amiens Chroniqueur Le R\u00e9veil Happyness","sameAs":["https:\/\/www.instagram.com\/lolo80radio\/","https:\/\/www.linkedin.com\/in\/loc-d-365960164\/"],"url":"https:\/\/happynessradio.fr\/oise\/articles\/author\/loicdun\/"}]}},"modified_by":"Lo\u00efc Dun","_links":{"self":[{"href":"https:\/\/happynessradio.fr\/oise\/wp-json\/wp\/v2\/posts\/12553","targetHints":{"allow":["GET"]}}],"collection":[{"href":"https:\/\/happynessradio.fr\/oise\/wp-json\/wp\/v2\/posts"}],"about":[{"href":"https:\/\/happynessradio.fr\/oise\/wp-json\/wp\/v2\/types\/post"}],"author":[{"embeddable":true,"href":"https:\/\/happynessradio.fr\/oise\/wp-json\/wp\/v2\/users\/6"}],"replies":[{"embeddable":true,"href":"https:\/\/happynessradio.fr\/oise\/wp-json\/wp\/v2\/comments?post=12553"}],"version-history":[{"count":1,"href":"https:\/\/happynessradio.fr\/oise\/wp-json\/wp\/v2\/posts\/12553\/revisions"}],"predecessor-version":[{"id":12555,"href":"https:\/\/happynessradio.fr\/oise\/wp-json\/wp\/v2\/posts\/12553\/revisions\/12555"}],"wp:featuredmedia":[{"embeddable":true,"href":"https:\/\/happynessradio.fr\/oise\/wp-json\/wp\/v2\/media\/12554"}],"wp:attachment":[{"href":"https:\/\/happynessradio.fr\/oise\/wp-json\/wp\/v2\/media?parent=12553"}],"wp:term":[{"taxonomy":"category","embeddable":true,"href":"https:\/\/happynessradio.fr\/oise\/wp-json\/wp\/v2\/categories?post=12553"},{"taxonomy":"post_tag","embeddable":true,"href":"https:\/\/happynessradio.fr\/oise\/wp-json\/wp\/v2\/tags?post=12553"}],"curies":[{"name":"wp","href":"https:\/\/api.w.org\/{rel}","templated":true}]}}