{"id":12562,"date":"2026-04-08T15:43:54","date_gmt":"2026-04-08T13:43:54","guid":{"rendered":"https:\/\/happynessradio.fr\/oise\/?p=12562"},"modified":"2026-04-08T15:43:55","modified_gmt":"2026-04-08T13:43:55","slug":"beauvais-rdv-ce-weekend-au-marche-artisanal-de-loise","status":"publish","type":"post","link":"https:\/\/happynessradio.fr\/oise\/articles\/beauvais-rdv-ce-weekend-au-marche-artisanal-de-loise\/","title":{"rendered":"Beauvais : RDV ce weekend au March\u00e9 Artisanal de l&rsquo;Oise"},"content":{"rendered":"\n<p><em>Le March\u00e9 Artisanal de l&rsquo;Oise \u00e0 Beauvais Parc de l&rsquo;H\u00f4tel du D\u00e9partement qui se tient samedi 11 et dimanche 12 avril. Sur place, la pr\u00e9sence de plus de 100 exposants (artisans locaux) et 11 restaurants avec sp\u00e9cialit\u00e9s locales. Cet \u00e9v\u00e9nement est \u00a0accessible aux poussettes, v\u00e9los et animaux de compagnie (en laisse) et des espaces pique-nique sont pr\u00e9vus.<\/em><\/p>\n\n\n\n<h2 class=\"wp-block-heading\">Plus de 100 exposants (artisans locaux)<\/h2>\n\n\n\n<p>Il fait beau en ce moment, c&rsquo;est le moment id\u00e9ale pour se rendre au <a href=\"https:\/\/oise.fr\/\" id=\"https:\/\/oise.fr\/\">March\u00e9 Artisanal<\/a> de l&rsquo;<a href=\"https:\/\/www.oisetourisme.com\/\" id=\"https:\/\/www.oisetourisme.com\/\">Oise<\/a> \u00e0 Beauvais Parc de l&rsquo;<a href=\"https:\/\/fr.mappy.com\/poi\/510fa94c84ae680cb4fd9fcd\" id=\"https:\/\/fr.mappy.com\/poi\/510fa94c84ae680cb4fd9fcd\">H\u00f4tel du D\u00e9partement<\/a> qui se tient samedi 11 et dimanche 12 avril, 14 h  \u00e0 18 h pour le premier jour et de 10 h \u00e0 18 h pour le deuxi\u00e8me jour. Sur place, la pr\u00e9sence de plus de 100 exposants (artisans locaux) et 11 restaurants avec sp\u00e9cialit\u00e9s locales. <\/p>\n\n\n\n<h2 class=\"wp-block-heading\">Des navettes \u00e0 disposition <\/h2>\n\n\n\n<p>A noter que cet \u00e9v\u00e9nement est \u00a0accessible aux poussettes, v\u00e9los et animaux de compagnie (en laisse) et que des espaces pique-nique sont pr\u00e9vus. Pour vous y rendre sur place, sans stress, des navettes sont mises \u00e0 disposition depuis l&rsquo;Espace Saint-Quentin. Pour venir en voiture, il suffit d&#8217;emprunter l&rsquo;autoroute A16 et se sortir \u00e0 la sortie num\u00e9ro 15. <\/p>\n\n\n\n<p><\/p>\n","protected":false},"excerpt":{"rendered":"<p>Le March\u00e9 Artisanal de l&rsquo;Oise \u00e0 Beauvais Parc de l&rsquo;H\u00f4tel du D\u00e9partement qui se tient samedi 11 et dimanche 12 avril. Sur place, la pr\u00e9sence de plus de 100 exposants (artisans locaux) et 11 restaurants avec sp\u00e9cialit\u00e9s locales. Cet \u00e9v\u00e9nement est \u00a0accessible aux poussettes, v\u00e9los et animaux de compagnie (en laisse) et des espaces pique-nique sont pr\u00e9vus. Plus de 100 exposants (artisans locaux) Il fait beau en ce moment, c&rsquo;est le moment id\u00e9ale pour se rendre au March\u00e9 Artisanal de l&rsquo;Oise \u00e0 Beauvais Parc de l&rsquo;H\u00f4tel du D\u00e9partement qui se tient samedi 11 et dimanche 12 avril, 14 h \u00e0 18 h pour le premier jour et de 10 h \u00e0 18 h pour le deuxi\u00e8me jour. Sur place, la pr\u00e9sence de plus de 100 exposants (artisans locaux) et 11 restaurants avec sp\u00e9cialit\u00e9s locales. Des navettes \u00e0 disposition A noter que cet \u00e9v\u00e9nement est \u00a0accessible aux poussettes, v\u00e9los et animaux de compagnie (en laisse) et que des espaces pique-nique sont pr\u00e9vus. Pour vous y rendre sur place, sans stress, des navettes sont mises \u00e0 disposition depuis l&rsquo;Espace Saint-Quentin. Pour venir en voiture, il suffit d&#8217;emprunter l&rsquo;autoroute A16 et se sortir \u00e0 la sortie num\u00e9ro 15.<\/p>\n","protected":false},"author":6,"featured_media":12563,"comment_status":"open","ping_status":"open","sticky":false,"template":"","format":"standard","meta":{"_lmt_disableupdate":"","_lmt_disable":"","footnotes":""},"categories":[8],"tags":[],"class_list":["post-12562","post","type-post","status-publish","format-standard","has-post-thumbnail","hentry","category-oise"],"yoast_head":"<!-- This site is optimized with the Yoast SEO plugin v27.5 - https:\/\/yoast.com\/product\/yoast-seo-wordpress\/ -->\n<title>Beauvais : RDV ce weekend au March\u00e9 Artisanal de l&#039;Oise - Happyness Oise<\/title>\n<meta name=\"description\" content=\"D\u00e9couvrez le March\u00e9 Artisanal de l&#039;Oise \u00e0 Beauvais les 11 et 12 avril ! Plus de 100 artisans, gastronomie locale, navettes gratuites et acc\u00e8s famille. Un \u00e9v\u00e9nement incontournable au Parc de l&#039;H\u00f4tel du D\u00e9partement.\" \/>\n<meta name=\"robots\" content=\"index, follow, max-snippet:-1, max-image-preview:large, max-video-preview:-1\" \/>\n<link rel=\"canonical\" href=\"https:\/\/happynessradio.fr\/oise\/articles\/beauvais-rdv-ce-weekend-au-marche-artisanal-de-loise\/\" \/>\n<meta property=\"og:locale\" content=\"fr_FR\" \/>\n<meta property=\"og:type\" content=\"article\" \/>\n<meta property=\"og:title\" content=\"Beauvais : RDV ce weekend au March\u00e9 Artisanal de l&#039;Oise - Happyness Oise\" \/>\n<meta property=\"og:description\" content=\"D\u00e9couvrez le March\u00e9 Artisanal de l&#039;Oise \u00e0 Beauvais les 11 et 12 avril ! Plus de 100 artisans, gastronomie locale, navettes gratuites et acc\u00e8s famille. Un \u00e9v\u00e9nement incontournable au Parc de l&#039;H\u00f4tel du D\u00e9partement.\" \/>\n<meta property=\"og:url\" content=\"https:\/\/happynessradio.fr\/oise\/articles\/beauvais-rdv-ce-weekend-au-marche-artisanal-de-loise\/\" \/>\n<meta property=\"og:site_name\" content=\"Happyness Oise\" \/>\n<meta property=\"article:published_time\" content=\"2026-04-08T13:43:54+00:00\" \/>\n<meta property=\"article:modified_time\" content=\"2026-04-08T13:43:55+00:00\" \/>\n<meta property=\"og:image\" content=\"https:\/\/happynessradio.fr\/oise\/wp-content\/uploads\/sites\/2\/2026\/04\/MockUp-Visuels-articles-49.webp\" \/>\n\t<meta property=\"og:image:width\" content=\"1083\" \/>\n\t<meta property=\"og:image:height\" content=\"486\" \/>\n\t<meta property=\"og:image:type\" content=\"image\/webp\" \/>\n<meta name=\"author\" content=\"Lo\u00efc Dun\" \/>\n<meta name=\"twitter:card\" content=\"summary_large_image\" \/>\n<meta name=\"twitter:label1\" content=\"\u00c9crit par\" \/>\n\t<meta name=\"twitter:data1\" content=\"Lo\u00efc Dun\" \/>\n\t<meta name=\"twitter:label2\" content=\"Dur\u00e9e de lecture estim\u00e9e\" \/>\n\t<meta name=\"twitter:data2\" content=\"2 minutes\" \/>\n<script type=\"application\/ld+json\" class=\"yoast-schema-graph\">{\"@context\":\"https:\\\/\\\/schema.org\",\"@graph\":[{\"@type\":\"Article\",\"@id\":\"https:\\\/\\\/happynessradio.fr\\\/oise\\\/articles\\\/beauvais-rdv-ce-weekend-au-marche-artisanal-de-loise\\\/#article\",\"isPartOf\":{\"@id\":\"https:\\\/\\\/happynessradio.fr\\\/oise\\\/articles\\\/beauvais-rdv-ce-weekend-au-marche-artisanal-de-loise\\\/\"},\"author\":{\"name\":\"Lo\u00efc Dun\",\"@id\":\"https:\\\/\\\/happynessradio.fr\\\/oise\\\/#\\\/schema\\\/person\\\/735f1a1ba15f9478beb4249ad52f7252\"},\"headline\":\"Beauvais : RDV ce weekend au March\u00e9 Artisanal de l&rsquo;Oise\",\"datePublished\":\"2026-04-08T13:43:54+00:00\",\"dateModified\":\"2026-04-08T13:43:55+00:00\",\"mainEntityOfPage\":{\"@id\":\"https:\\\/\\\/happynessradio.fr\\\/oise\\\/articles\\\/beauvais-rdv-ce-weekend-au-marche-artisanal-de-loise\\\/\"},\"wordCount\":211,\"commentCount\":0,\"image\":{\"@id\":\"https:\\\/\\\/happynessradio.fr\\\/oise\\\/articles\\\/beauvais-rdv-ce-weekend-au-marche-artisanal-de-loise\\\/#primaryimage\"},\"thumbnailUrl\":\"https:\\\/\\\/happynessradio.fr\\\/oise\\\/wp-content\\\/uploads\\\/sites\\\/2\\\/2026\\\/04\\\/MockUp-Visuels-articles-49.webp\",\"articleSection\":[\"Oise\"],\"inLanguage\":\"fr-FR\",\"potentialAction\":[{\"@type\":\"CommentAction\",\"name\":\"Comment\",\"target\":[\"https:\\\/\\\/happynessradio.fr\\\/oise\\\/articles\\\/beauvais-rdv-ce-weekend-au-marche-artisanal-de-loise\\\/#respond\"]}]},{\"@type\":\"WebPage\",\"@id\":\"https:\\\/\\\/happynessradio.fr\\\/oise\\\/articles\\\/beauvais-rdv-ce-weekend-au-marche-artisanal-de-loise\\\/\",\"url\":\"https:\\\/\\\/happynessradio.fr\\\/oise\\\/articles\\\/beauvais-rdv-ce-weekend-au-marche-artisanal-de-loise\\\/\",\"name\":\"Beauvais : RDV ce weekend au March\u00e9 Artisanal de l'Oise - Happyness Oise\",\"isPartOf\":{\"@id\":\"https:\\\/\\\/happynessradio.fr\\\/oise\\\/#website\"},\"primaryImageOfPage\":{\"@id\":\"https:\\\/\\\/happynessradio.fr\\\/oise\\\/articles\\\/beauvais-rdv-ce-weekend-au-marche-artisanal-de-loise\\\/#primaryimage\"},\"image\":{\"@id\":\"https:\\\/\\\/happynessradio.fr\\\/oise\\\/articles\\\/beauvais-rdv-ce-weekend-au-marche-artisanal-de-loise\\\/#primaryimage\"},\"thumbnailUrl\":\"https:\\\/\\\/happynessradio.fr\\\/oise\\\/wp-content\\\/uploads\\\/sites\\\/2\\\/2026\\\/04\\\/MockUp-Visuels-articles-49.webp\",\"datePublished\":\"2026-04-08T13:43:54+00:00\",\"dateModified\":\"2026-04-08T13:43:55+00:00\",\"author\":{\"@id\":\"https:\\\/\\\/happynessradio.fr\\\/oise\\\/#\\\/schema\\\/person\\\/735f1a1ba15f9478beb4249ad52f7252\"},\"description\":\"D\u00e9couvrez le March\u00e9 Artisanal de l'Oise \u00e0 Beauvais les 11 et 12 avril ! Plus de 100 artisans, gastronomie locale, navettes gratuites et acc\u00e8s famille. Un \u00e9v\u00e9nement incontournable au Parc de l'H\u00f4tel du D\u00e9partement.\",\"breadcrumb\":{\"@id\":\"https:\\\/\\\/happynessradio.fr\\\/oise\\\/articles\\\/beauvais-rdv-ce-weekend-au-marche-artisanal-de-loise\\\/#breadcrumb\"},\"inLanguage\":\"fr-FR\",\"potentialAction\":[{\"@type\":\"ReadAction\",\"target\":[\"https:\\\/\\\/happynessradio.fr\\\/oise\\\/articles\\\/beauvais-rdv-ce-weekend-au-marche-artisanal-de-loise\\\/\"]}]},{\"@type\":\"ImageObject\",\"inLanguage\":\"fr-FR\",\"@id\":\"https:\\\/\\\/happynessradio.fr\\\/oise\\\/articles\\\/beauvais-rdv-ce-weekend-au-marche-artisanal-de-loise\\\/#primaryimage\",\"url\":\"https:\\\/\\\/happynessradio.fr\\\/oise\\\/wp-content\\\/uploads\\\/sites\\\/2\\\/2026\\\/04\\\/MockUp-Visuels-articles-49.webp\",\"contentUrl\":\"https:\\\/\\\/happynessradio.fr\\\/oise\\\/wp-content\\\/uploads\\\/sites\\\/2\\\/2026\\\/04\\\/MockUp-Visuels-articles-49.webp\",\"width\":1083,\"height\":486,\"caption\":\"Vue rapproch\u00e9e d'un stand de march\u00e9 artisanal en ext\u00e9rieur pr\u00e9sentant des poteries color\u00e9es, des v\u00eatements vintage et des chaussures sur des \u00e9tals en bois, avec une pancarte \u00e0 la craie indiquant une offre promotionnelle.\"},{\"@type\":\"BreadcrumbList\",\"@id\":\"https:\\\/\\\/happynessradio.fr\\\/oise\\\/articles\\\/beauvais-rdv-ce-weekend-au-marche-artisanal-de-loise\\\/#breadcrumb\",\"itemListElement\":[{\"@type\":\"ListItem\",\"position\":1,\"name\":\"Accueil\",\"item\":\"https:\\\/\\\/happynessradio.fr\\\/oise\\\/\"},{\"@type\":\"ListItem\",\"position\":2,\"name\":\"Beauvais : RDV ce weekend au March\u00e9 Artisanal de l&rsquo;Oise\"}]},{\"@type\":\"WebSite\",\"@id\":\"https:\\\/\\\/happynessradio.fr\\\/oise\\\/#website\",\"url\":\"https:\\\/\\\/happynessradio.fr\\\/oise\\\/\",\"name\":\"Happyness Oise\",\"description\":\"Toujours au plus proche de vous\",\"potentialAction\":[{\"@type\":\"SearchAction\",\"target\":{\"@type\":\"EntryPoint\",\"urlTemplate\":\"https:\\\/\\\/happynessradio.fr\\\/oise\\\/?s={search_term_string}\"},\"query-input\":{\"@type\":\"PropertyValueSpecification\",\"valueRequired\":true,\"valueName\":\"search_term_string\"}}],\"inLanguage\":\"fr-FR\"},{\"@type\":\"Person\",\"@id\":\"https:\\\/\\\/happynessradio.fr\\\/oise\\\/#\\\/schema\\\/person\\\/735f1a1ba15f9478beb4249ad52f7252\",\"name\":\"Lo\u00efc Dun\",\"image\":{\"@type\":\"ImageObject\",\"inLanguage\":\"fr-FR\",\"@id\":\"https:\\\/\\\/happynessradio.fr\\\/amiens\\\/wp-content\\\/uploads\\\/sites\\\/3\\\/2025\\\/12\\\/cropped-Portrait-Loic-25-26-96x96.webp\",\"url\":\"https:\\\/\\\/happynessradio.fr\\\/amiens\\\/wp-content\\\/uploads\\\/sites\\\/3\\\/2025\\\/12\\\/cropped-Portrait-Loic-25-26-96x96.webp\",\"contentUrl\":\"https:\\\/\\\/happynessradio.fr\\\/amiens\\\/wp-content\\\/uploads\\\/sites\\\/3\\\/2025\\\/12\\\/cropped-Portrait-Loic-25-26-96x96.webp\",\"caption\":\"Lo\u00efc Dun\"},\"description\":\"R\u00e9dacteur web Happyness. Co-animateur (chroniqueur) Quoi d'neuf ? Amiens Chroniqueur Le R\u00e9veil Happyness\",\"sameAs\":[\"https:\\\/\\\/www.instagram.com\\\/lolo80radio\\\/\",\"https:\\\/\\\/www.linkedin.com\\\/in\\\/loc-d-365960164\\\/\"],\"url\":\"https:\\\/\\\/happynessradio.fr\\\/oise\\\/articles\\\/author\\\/loicdun\\\/\"}]}<\/script>\n<!-- \/ Yoast SEO plugin. -->","yoast_head_json":{"title":"Beauvais : RDV ce weekend au March\u00e9 Artisanal de l'Oise - Happyness Oise","description":"D\u00e9couvrez le March\u00e9 Artisanal de l'Oise \u00e0 Beauvais les 11 et 12 avril ! Plus de 100 artisans, gastronomie locale, navettes gratuites et acc\u00e8s famille. Un \u00e9v\u00e9nement incontournable au Parc de l'H\u00f4tel du D\u00e9partement.","robots":{"index":"index","follow":"follow","max-snippet":"max-snippet:-1","max-image-preview":"max-image-preview:large","max-video-preview":"max-video-preview:-1"},"canonical":"https:\/\/happynessradio.fr\/oise\/articles\/beauvais-rdv-ce-weekend-au-marche-artisanal-de-loise\/","og_locale":"fr_FR","og_type":"article","og_title":"Beauvais : RDV ce weekend au March\u00e9 Artisanal de l'Oise - Happyness Oise","og_description":"D\u00e9couvrez le March\u00e9 Artisanal de l'Oise \u00e0 Beauvais les 11 et 12 avril ! Plus de 100 artisans, gastronomie locale, navettes gratuites et acc\u00e8s famille. Un \u00e9v\u00e9nement incontournable au Parc de l'H\u00f4tel du D\u00e9partement.","og_url":"https:\/\/happynessradio.fr\/oise\/articles\/beauvais-rdv-ce-weekend-au-marche-artisanal-de-loise\/","og_site_name":"Happyness Oise","article_published_time":"2026-04-08T13:43:54+00:00","article_modified_time":"2026-04-08T13:43:55+00:00","og_image":[{"width":1083,"height":486,"url":"https:\/\/happynessradio.fr\/oise\/wp-content\/uploads\/sites\/2\/2026\/04\/MockUp-Visuels-articles-49.webp","type":"image\/webp"}],"author":"Lo\u00efc Dun","twitter_card":"summary_large_image","twitter_misc":{"\u00c9crit par":"Lo\u00efc Dun","Dur\u00e9e de lecture estim\u00e9e":"2 minutes"},"schema":{"@context":"https:\/\/schema.org","@graph":[{"@type":"Article","@id":"https:\/\/happynessradio.fr\/oise\/articles\/beauvais-rdv-ce-weekend-au-marche-artisanal-de-loise\/#article","isPartOf":{"@id":"https:\/\/happynessradio.fr\/oise\/articles\/beauvais-rdv-ce-weekend-au-marche-artisanal-de-loise\/"},"author":{"name":"Lo\u00efc Dun","@id":"https:\/\/happynessradio.fr\/oise\/#\/schema\/person\/735f1a1ba15f9478beb4249ad52f7252"},"headline":"Beauvais : RDV ce weekend au March\u00e9 Artisanal de l&rsquo;Oise","datePublished":"2026-04-08T13:43:54+00:00","dateModified":"2026-04-08T13:43:55+00:00","mainEntityOfPage":{"@id":"https:\/\/happynessradio.fr\/oise\/articles\/beauvais-rdv-ce-weekend-au-marche-artisanal-de-loise\/"},"wordCount":211,"commentCount":0,"image":{"@id":"https:\/\/happynessradio.fr\/oise\/articles\/beauvais-rdv-ce-weekend-au-marche-artisanal-de-loise\/#primaryimage"},"thumbnailUrl":"https:\/\/happynessradio.fr\/oise\/wp-content\/uploads\/sites\/2\/2026\/04\/MockUp-Visuels-articles-49.webp","articleSection":["Oise"],"inLanguage":"fr-FR","potentialAction":[{"@type":"CommentAction","name":"Comment","target":["https:\/\/happynessradio.fr\/oise\/articles\/beauvais-rdv-ce-weekend-au-marche-artisanal-de-loise\/#respond"]}]},{"@type":"WebPage","@id":"https:\/\/happynessradio.fr\/oise\/articles\/beauvais-rdv-ce-weekend-au-marche-artisanal-de-loise\/","url":"https:\/\/happynessradio.fr\/oise\/articles\/beauvais-rdv-ce-weekend-au-marche-artisanal-de-loise\/","name":"Beauvais : RDV ce weekend au March\u00e9 Artisanal de l'Oise - Happyness Oise","isPartOf":{"@id":"https:\/\/happynessradio.fr\/oise\/#website"},"primaryImageOfPage":{"@id":"https:\/\/happynessradio.fr\/oise\/articles\/beauvais-rdv-ce-weekend-au-marche-artisanal-de-loise\/#primaryimage"},"image":{"@id":"https:\/\/happynessradio.fr\/oise\/articles\/beauvais-rdv-ce-weekend-au-marche-artisanal-de-loise\/#primaryimage"},"thumbnailUrl":"https:\/\/happynessradio.fr\/oise\/wp-content\/uploads\/sites\/2\/2026\/04\/MockUp-Visuels-articles-49.webp","datePublished":"2026-04-08T13:43:54+00:00","dateModified":"2026-04-08T13:43:55+00:00","author":{"@id":"https:\/\/happynessradio.fr\/oise\/#\/schema\/person\/735f1a1ba15f9478beb4249ad52f7252"},"description":"D\u00e9couvrez le March\u00e9 Artisanal de l'Oise \u00e0 Beauvais les 11 et 12 avril ! Plus de 100 artisans, gastronomie locale, navettes gratuites et acc\u00e8s famille. Un \u00e9v\u00e9nement incontournable au Parc de l'H\u00f4tel du D\u00e9partement.","breadcrumb":{"@id":"https:\/\/happynessradio.fr\/oise\/articles\/beauvais-rdv-ce-weekend-au-marche-artisanal-de-loise\/#breadcrumb"},"inLanguage":"fr-FR","potentialAction":[{"@type":"ReadAction","target":["https:\/\/happynessradio.fr\/oise\/articles\/beauvais-rdv-ce-weekend-au-marche-artisanal-de-loise\/"]}]},{"@type":"ImageObject","inLanguage":"fr-FR","@id":"https:\/\/happynessradio.fr\/oise\/articles\/beauvais-rdv-ce-weekend-au-marche-artisanal-de-loise\/#primaryimage","url":"https:\/\/happynessradio.fr\/oise\/wp-content\/uploads\/sites\/2\/2026\/04\/MockUp-Visuels-articles-49.webp","contentUrl":"https:\/\/happynessradio.fr\/oise\/wp-content\/uploads\/sites\/2\/2026\/04\/MockUp-Visuels-articles-49.webp","width":1083,"height":486,"caption":"Vue rapproch\u00e9e d'un stand de march\u00e9 artisanal en ext\u00e9rieur pr\u00e9sentant des poteries color\u00e9es, des v\u00eatements vintage et des chaussures sur des \u00e9tals en bois, avec une pancarte \u00e0 la craie indiquant une offre promotionnelle."},{"@type":"BreadcrumbList","@id":"https:\/\/happynessradio.fr\/oise\/articles\/beauvais-rdv-ce-weekend-au-marche-artisanal-de-loise\/#breadcrumb","itemListElement":[{"@type":"ListItem","position":1,"name":"Accueil","item":"https:\/\/happynessradio.fr\/oise\/"},{"@type":"ListItem","position":2,"name":"Beauvais : RDV ce weekend au March\u00e9 Artisanal de l&rsquo;Oise"}]},{"@type":"WebSite","@id":"https:\/\/happynessradio.fr\/oise\/#website","url":"https:\/\/happynessradio.fr\/oise\/","name":"Happyness Oise","description":"Toujours au plus proche de vous","potentialAction":[{"@type":"SearchAction","target":{"@type":"EntryPoint","urlTemplate":"https:\/\/happynessradio.fr\/oise\/?s={search_term_string}"},"query-input":{"@type":"PropertyValueSpecification","valueRequired":true,"valueName":"search_term_string"}}],"inLanguage":"fr-FR"},{"@type":"Person","@id":"https:\/\/happynessradio.fr\/oise\/#\/schema\/person\/735f1a1ba15f9478beb4249ad52f7252","name":"Lo\u00efc Dun","image":{"@type":"ImageObject","inLanguage":"fr-FR","@id":"https:\/\/happynessradio.fr\/amiens\/wp-content\/uploads\/sites\/3\/2025\/12\/cropped-Portrait-Loic-25-26-96x96.webp","url":"https:\/\/happynessradio.fr\/amiens\/wp-content\/uploads\/sites\/3\/2025\/12\/cropped-Portrait-Loic-25-26-96x96.webp","contentUrl":"https:\/\/happynessradio.fr\/amiens\/wp-content\/uploads\/sites\/3\/2025\/12\/cropped-Portrait-Loic-25-26-96x96.webp","caption":"Lo\u00efc Dun"},"description":"R\u00e9dacteur web Happyness. Co-animateur (chroniqueur) Quoi d'neuf ? Amiens Chroniqueur Le R\u00e9veil Happyness","sameAs":["https:\/\/www.instagram.com\/lolo80radio\/","https:\/\/www.linkedin.com\/in\/loc-d-365960164\/"],"url":"https:\/\/happynessradio.fr\/oise\/articles\/author\/loicdun\/"}]}},"modified_by":"Lo\u00efc Dun","_links":{"self":[{"href":"https:\/\/happynessradio.fr\/oise\/wp-json\/wp\/v2\/posts\/12562","targetHints":{"allow":["GET"]}}],"collection":[{"href":"https:\/\/happynessradio.fr\/oise\/wp-json\/wp\/v2\/posts"}],"about":[{"href":"https:\/\/happynessradio.fr\/oise\/wp-json\/wp\/v2\/types\/post"}],"author":[{"embeddable":true,"href":"https:\/\/happynessradio.fr\/oise\/wp-json\/wp\/v2\/users\/6"}],"replies":[{"embeddable":true,"href":"https:\/\/happynessradio.fr\/oise\/wp-json\/wp\/v2\/comments?post=12562"}],"version-history":[{"count":1,"href":"https:\/\/happynessradio.fr\/oise\/wp-json\/wp\/v2\/posts\/12562\/revisions"}],"predecessor-version":[{"id":12564,"href":"https:\/\/happynessradio.fr\/oise\/wp-json\/wp\/v2\/posts\/12562\/revisions\/12564"}],"wp:featuredmedia":[{"embeddable":true,"href":"https:\/\/happynessradio.fr\/oise\/wp-json\/wp\/v2\/media\/12563"}],"wp:attachment":[{"href":"https:\/\/happynessradio.fr\/oise\/wp-json\/wp\/v2\/media?parent=12562"}],"wp:term":[{"taxonomy":"category","embeddable":true,"href":"https:\/\/happynessradio.fr\/oise\/wp-json\/wp\/v2\/categories?post=12562"},{"taxonomy":"post_tag","embeddable":true,"href":"https:\/\/happynessradio.fr\/oise\/wp-json\/wp\/v2\/tags?post=12562"}],"curies":[{"name":"wp","href":"https:\/\/api.w.org\/{rel}","templated":true}]}}