{"id":12565,"date":"2026-04-09T20:19:04","date_gmt":"2026-04-09T18:19:04","guid":{"rendered":"https:\/\/happynessradio.fr\/oise\/?p=12565"},"modified":"2026-04-09T20:19:06","modified_gmt":"2026-04-09T18:19:06","slug":"compiegne-le-paris-roubaix-cest-ce-weekend","status":"publish","type":"post","link":"https:\/\/happynessradio.fr\/oise\/articles\/compiegne-le-paris-roubaix-cest-ce-weekend\/","title":{"rendered":"Compi\u00e8gne : Le Paris Roubaix c&rsquo;est ce weekend"},"content":{"rendered":"\n<p><em>Le Paris Roubaix prendra cette ann\u00e9e, le grand d\u00e9part depuis Compi\u00e8gne, dimanche 12 avril. Des animations sont pr\u00e9vus tout a long du weekend afin de c\u00e9l\u00e9brer cette mythique course avec ses fameux pav\u00e9s. Une course c\u00e9l\u00e8bre qui fut cr\u00e9\u00e9 en avril 1896, et qui cette ann\u00e9e aura une distance de 258,3 km.<\/em><\/p>\n\n\n\n<h2 class=\"wp-block-heading\">Une course de 258,3 km<\/h2>\n\n\n\n<p>Ce samedi 11 et dimanche 12 avril, la <a href=\"https:\/\/www.agglo-compiegne.fr\/paris-roubaix-hauts-de-france-2026\" id=\"https:\/\/www.agglo-compiegne.fr\/paris-roubaix-hauts-de-france-2026\">ville de Compi\u00e8gne<\/a> se met en mode cyclisme \u00e0 l&rsquo;occasion de la mythique <a href=\"https:\/\/www.paris-roubaix.fr\/fr\/\" id=\"https:\/\/www.paris-roubaix.fr\/fr\/\">course du Paris Roubaix <\/a>afin de c\u00e9l\u00e9brer cette course avec ses fameux pav\u00e9s qui fut cr\u00e9\u00e9 le 18 avril 1896 par deux tisserands roubaisiens. Cette ann\u00e9e, les compi\u00e9gnois pourront assister au grand d\u00e9part depuis leur ville pour une course de 258,3 km. <\/p>\n\n\n\n<h2 class=\"wp-block-heading\">Des animations pour l&rsquo;occasion <\/h2>\n\n\n\n<p>La veille du d\u00e9part, il sera possible de b\u00e9n\u00e9ficier d&rsquo;une initiation au BMX, mais aussi d&rsquo;assister \u00e0 des d\u00e9monstrations de Handbike. Il y aura \u00e9galement un concert rock des \u00ab\u00a0Chasse Patates\u00a0\u00bb pour le c\u00f4t\u00e9 musical. Ainsi que la pr\u00e9sence du Salon Paris Roubaix qui devrait ravir les collectionneurs o\u00f9 ils pourront rencontrer d&rsquo;anciennes gloires du peloton. L&rsquo;apr\u00e8s-midi vers 14 h se tiendra la pr\u00e9sentation officielle des \u00e9quipes. <\/p>\n\n\n\n<h2 class=\"wp-block-heading\">Un d\u00e9part dans les rues de Compi\u00e8gne <\/h2>\n\n\n\n<p>Concernant le lendemain de 09h30 \u00e0 10h45, aura lieu la signature des coureurs sur le podium avec le <a href=\"https:\/\/www.paris-roubaix.fr\/fr\/etape-1\" id=\"https:\/\/www.paris-roubaix.fr\/fr\/etape-1\">d\u00e9part fictif <\/a>ensuite \u00e0 11 h 10 dans les rues de Compi\u00e8gne pour un d\u00e9part r\u00e9el qui sera donn\u00e9 \u00e0 la sortie de Choisy-au-Bac pour affronter les premiers pav\u00e9s pour rejoindre<a href=\"https:\/\/www.lilletourism.com\/\" id=\"https:\/\/www.lilletourism.com\/\"> Roubaix<\/a>. La course pourra \u00eatre suivi sur le petit \u00e9cran, gr\u00e2ce \u00e0 <a href=\"https:\/\/www.france.tv\/sport\/cyclisme\/paris-roubaix\/\" id=\"https:\/\/www.france.tv\/sport\/cyclisme\/paris-roubaix\/\">France TV<\/a> et <a href=\"https:\/\/www.eurosport.fr\/cyclisme\/paris-roubaix-hommes\/\" id=\"https:\/\/www.eurosport.fr\/cyclisme\/paris-roubaix-hommes\/\">Eurosport<\/a>. Pour vous y rendre n&rsquo;h\u00e9sitez pas \u00e0 utiliser le r\u00e9seau TER ou bien le r\u00e9seau Oise Mobilit\u00e9 mais attention il n&rsquo;est pas impossible que certaines lignes de bus et d&rsquo;autocar soient perturb\u00e9s. <\/p>\n\n\n\n<figure class=\"wp-block-embed is-type-video is-provider-youtube wp-block-embed-youtube wp-embed-aspect-16-9 wp-has-aspect-ratio\"><div class=\"wp-block-embed__wrapper\">\n<iframe title=\"Teaser Paris-Roubaix 2026\" width=\"800\" height=\"450\" src=\"https:\/\/www.youtube.com\/embed\/YqvgjhpttY4?feature=oembed\" frameborder=\"0\" allow=\"accelerometer; autoplay; clipboard-write; encrypted-media; gyroscope; picture-in-picture; web-share\" referrerpolicy=\"strict-origin-when-cross-origin\" allowfullscreen><\/iframe>\n<\/div><\/figure>\n\n\n\n<hr class=\"wp-block-separator has-alpha-channel-opacity\" \/>\n\n\n\n<p><strong>A noter que Christian prudhomme, Thierry Gouvenou et Arnaud D\u00e9mare seront les invit\u00e9s du R\u00e9veil Happyness ce vendredi matin pour \u00e9voquer cet \u00e9v\u00e9nement l\u00e9gendaire en r\u00e9gion Hauts-de-France. <\/strong><\/p>\n\n\n\n<p><\/p>\n","protected":false},"excerpt":{"rendered":"<p>Le Paris Roubaix prendra cette ann\u00e9e, le grand d\u00e9part depuis Compi\u00e8gne, dimanche 12 avril. Des animations sont pr\u00e9vus tout a long du weekend afin de c\u00e9l\u00e9brer cette mythique course avec ses fameux pav\u00e9s. Une course c\u00e9l\u00e8bre qui fut cr\u00e9\u00e9 en avril 1896, et qui cette ann\u00e9e aura une distance de 258,3 km. Une course de 258,3 km Ce samedi 11 et dimanche 12 avril, la ville de Compi\u00e8gne se met en mode cyclisme \u00e0 l&rsquo;occasion de la mythique course du Paris Roubaix afin de c\u00e9l\u00e9brer cette course avec ses fameux pav\u00e9s qui fut cr\u00e9\u00e9 le 18 avril 1896 par deux tisserands roubaisiens. Cette ann\u00e9e, les compi\u00e9gnois pourront assister au grand d\u00e9part depuis leur ville pour une course de 258,3 km. Des animations pour l&rsquo;occasion La veille du d\u00e9part, il sera possible de b\u00e9n\u00e9ficier d&rsquo;une initiation au BMX, mais aussi d&rsquo;assister \u00e0 des d\u00e9monstrations de Handbike. Il y aura \u00e9galement un concert rock des \u00ab\u00a0Chasse Patates\u00a0\u00bb pour le c\u00f4t\u00e9 musical. Ainsi que la pr\u00e9sence du Salon Paris Roubaix qui devrait ravir les collectionneurs o\u00f9 ils pourront rencontrer d&rsquo;anciennes gloires du peloton. L&rsquo;apr\u00e8s-midi vers 14 h se tiendra la pr\u00e9sentation officielle des \u00e9quipes. Un d\u00e9part dans les rues de Compi\u00e8gne Concernant le lendemain de 09h30 \u00e0 10h45, aura lieu la signature des coureurs sur le podium avec le d\u00e9part fictif ensuite \u00e0 11 h 10 dans les rues de Compi\u00e8gne pour un d\u00e9part r\u00e9el qui sera donn\u00e9 \u00e0 la sortie de Choisy-au-Bac pour affronter les premiers pav\u00e9s pour rejoindre Roubaix. La course pourra \u00eatre suivi sur le petit \u00e9cran, gr\u00e2ce \u00e0 France TV et Eurosport. Pour vous y rendre n&rsquo;h\u00e9sitez pas \u00e0 utiliser le r\u00e9seau TER ou bien le r\u00e9seau Oise Mobilit\u00e9 mais attention il n&rsquo;est pas impossible que certaines lignes de bus et d&rsquo;autocar soient perturb\u00e9s. A noter que Christian prudhomme, Thierry Gouvenou et Arnaud D\u00e9mare seront les invit\u00e9s du R\u00e9veil Happyness ce vendredi matin pour \u00e9voquer cet \u00e9v\u00e9nement l\u00e9gendaire en r\u00e9gion Hauts-de-France.<\/p>\n","protected":false},"author":6,"featured_media":12566,"comment_status":"open","ping_status":"open","sticky":false,"template":"","format":"standard","meta":{"_lmt_disableupdate":"","_lmt_disable":"","footnotes":""},"categories":[8],"tags":[],"class_list":["post-12565","post","type-post","status-publish","format-standard","has-post-thumbnail","hentry","category-oise"],"yoast_head":"<!-- This site is optimized with the Yoast SEO plugin v27.5 - https:\/\/yoast.com\/product\/yoast-seo-wordpress\/ -->\n<title>Compi\u00e8gne : Le Paris Roubaix c&#039;est ce weekend - Happyness Oise<\/title>\n<meta name=\"description\" content=\"Vibrez au rythme du Paris-Roubaix \u00e0 Compi\u00e8gne les 11 et 12 avril ! D\u00e9couvrez le programme des animations, la pr\u00e9sentation des \u00e9quipes et les infos pratiques pour le Grand D\u00e9part de cette course mythique de 258,3 km.\" \/>\n<meta name=\"robots\" content=\"index, follow, max-snippet:-1, max-image-preview:large, max-video-preview:-1\" \/>\n<link rel=\"canonical\" href=\"https:\/\/happynessradio.fr\/oise\/articles\/compiegne-le-paris-roubaix-cest-ce-weekend\/\" \/>\n<meta property=\"og:locale\" content=\"fr_FR\" \/>\n<meta property=\"og:type\" content=\"article\" \/>\n<meta property=\"og:title\" content=\"Compi\u00e8gne : Le Paris Roubaix c&#039;est ce weekend - Happyness Oise\" \/>\n<meta property=\"og:description\" content=\"Vibrez au rythme du Paris-Roubaix \u00e0 Compi\u00e8gne les 11 et 12 avril ! D\u00e9couvrez le programme des animations, la pr\u00e9sentation des \u00e9quipes et les infos pratiques pour le Grand D\u00e9part de cette course mythique de 258,3 km.\" \/>\n<meta property=\"og:url\" content=\"https:\/\/happynessradio.fr\/oise\/articles\/compiegne-le-paris-roubaix-cest-ce-weekend\/\" \/>\n<meta property=\"og:site_name\" content=\"Happyness Oise\" \/>\n<meta property=\"article:published_time\" content=\"2026-04-09T18:19:04+00:00\" \/>\n<meta property=\"article:modified_time\" content=\"2026-04-09T18:19:06+00:00\" \/>\n<meta property=\"og:image\" content=\"https:\/\/happynessradio.fr\/oise\/wp-content\/uploads\/sites\/2\/2026\/04\/MockUp-Visuels-articles-50.webp\" \/>\n\t<meta property=\"og:image:width\" content=\"1083\" \/>\n\t<meta property=\"og:image:height\" content=\"486\" \/>\n\t<meta property=\"og:image:type\" content=\"image\/webp\" \/>\n<meta name=\"author\" content=\"Lo\u00efc Dun\" \/>\n<meta name=\"twitter:card\" content=\"summary_large_image\" \/>\n<meta name=\"twitter:label1\" content=\"\u00c9crit par\" \/>\n\t<meta name=\"twitter:data1\" content=\"Lo\u00efc Dun\" \/>\n\t<meta name=\"twitter:label2\" content=\"Dur\u00e9e de lecture estim\u00e9e\" \/>\n\t<meta name=\"twitter:data2\" content=\"2 minutes\" \/>\n<script type=\"application\/ld+json\" class=\"yoast-schema-graph\">{\"@context\":\"https:\\\/\\\/schema.org\",\"@graph\":[{\"@type\":\"Article\",\"@id\":\"https:\\\/\\\/happynessradio.fr\\\/oise\\\/articles\\\/compiegne-le-paris-roubaix-cest-ce-weekend\\\/#article\",\"isPartOf\":{\"@id\":\"https:\\\/\\\/happynessradio.fr\\\/oise\\\/articles\\\/compiegne-le-paris-roubaix-cest-ce-weekend\\\/\"},\"author\":{\"name\":\"Lo\u00efc Dun\",\"@id\":\"https:\\\/\\\/happynessradio.fr\\\/oise\\\/#\\\/schema\\\/person\\\/735f1a1ba15f9478beb4249ad52f7252\"},\"headline\":\"Compi\u00e8gne : Le Paris Roubaix c&rsquo;est ce weekend\",\"datePublished\":\"2026-04-09T18:19:04+00:00\",\"dateModified\":\"2026-04-09T18:19:06+00:00\",\"mainEntityOfPage\":{\"@id\":\"https:\\\/\\\/happynessradio.fr\\\/oise\\\/articles\\\/compiegne-le-paris-roubaix-cest-ce-weekend\\\/\"},\"wordCount\":372,\"commentCount\":0,\"image\":{\"@id\":\"https:\\\/\\\/happynessradio.fr\\\/oise\\\/articles\\\/compiegne-le-paris-roubaix-cest-ce-weekend\\\/#primaryimage\"},\"thumbnailUrl\":\"https:\\\/\\\/happynessradio.fr\\\/oise\\\/wp-content\\\/uploads\\\/sites\\\/2\\\/2026\\\/04\\\/MockUp-Visuels-articles-50.webp\",\"articleSection\":[\"Oise\"],\"inLanguage\":\"fr-FR\",\"potentialAction\":[{\"@type\":\"CommentAction\",\"name\":\"Comment\",\"target\":[\"https:\\\/\\\/happynessradio.fr\\\/oise\\\/articles\\\/compiegne-le-paris-roubaix-cest-ce-weekend\\\/#respond\"]}]},{\"@type\":\"WebPage\",\"@id\":\"https:\\\/\\\/happynessradio.fr\\\/oise\\\/articles\\\/compiegne-le-paris-roubaix-cest-ce-weekend\\\/\",\"url\":\"https:\\\/\\\/happynessradio.fr\\\/oise\\\/articles\\\/compiegne-le-paris-roubaix-cest-ce-weekend\\\/\",\"name\":\"Compi\u00e8gne : Le Paris Roubaix c'est ce weekend - Happyness Oise\",\"isPartOf\":{\"@id\":\"https:\\\/\\\/happynessradio.fr\\\/oise\\\/#website\"},\"primaryImageOfPage\":{\"@id\":\"https:\\\/\\\/happynessradio.fr\\\/oise\\\/articles\\\/compiegne-le-paris-roubaix-cest-ce-weekend\\\/#primaryimage\"},\"image\":{\"@id\":\"https:\\\/\\\/happynessradio.fr\\\/oise\\\/articles\\\/compiegne-le-paris-roubaix-cest-ce-weekend\\\/#primaryimage\"},\"thumbnailUrl\":\"https:\\\/\\\/happynessradio.fr\\\/oise\\\/wp-content\\\/uploads\\\/sites\\\/2\\\/2026\\\/04\\\/MockUp-Visuels-articles-50.webp\",\"datePublished\":\"2026-04-09T18:19:04+00:00\",\"dateModified\":\"2026-04-09T18:19:06+00:00\",\"author\":{\"@id\":\"https:\\\/\\\/happynessradio.fr\\\/oise\\\/#\\\/schema\\\/person\\\/735f1a1ba15f9478beb4249ad52f7252\"},\"description\":\"Vibrez au rythme du Paris-Roubaix \u00e0 Compi\u00e8gne les 11 et 12 avril ! D\u00e9couvrez le programme des animations, la pr\u00e9sentation des \u00e9quipes et les infos pratiques pour le Grand D\u00e9part de cette course mythique de 258,3 km.\",\"breadcrumb\":{\"@id\":\"https:\\\/\\\/happynessradio.fr\\\/oise\\\/articles\\\/compiegne-le-paris-roubaix-cest-ce-weekend\\\/#breadcrumb\"},\"inLanguage\":\"fr-FR\",\"potentialAction\":[{\"@type\":\"ReadAction\",\"target\":[\"https:\\\/\\\/happynessradio.fr\\\/oise\\\/articles\\\/compiegne-le-paris-roubaix-cest-ce-weekend\\\/\"]}]},{\"@type\":\"ImageObject\",\"inLanguage\":\"fr-FR\",\"@id\":\"https:\\\/\\\/happynessradio.fr\\\/oise\\\/articles\\\/compiegne-le-paris-roubaix-cest-ce-weekend\\\/#primaryimage\",\"url\":\"https:\\\/\\\/happynessradio.fr\\\/oise\\\/wp-content\\\/uploads\\\/sites\\\/2\\\/2026\\\/04\\\/MockUp-Visuels-articles-50.webp\",\"contentUrl\":\"https:\\\/\\\/happynessradio.fr\\\/oise\\\/wp-content\\\/uploads\\\/sites\\\/2\\\/2026\\\/04\\\/MockUp-Visuels-articles-50.webp\",\"width\":1083,\"height\":486,\"caption\":\": Une image en noir et blanc textur\u00e9e de gros pav\u00e9s de pierre de granit, vus de dessus. De l'herbe s\u00e8che et des d\u00e9bris sont \u00e9parpill\u00e9s sur les pierres et dans les joints. De grandes formes triangulaires rouges et unies encadrent l'image dans les coins sup\u00e9rieur gauche et inf\u00e9rieur droit.\"},{\"@type\":\"BreadcrumbList\",\"@id\":\"https:\\\/\\\/happynessradio.fr\\\/oise\\\/articles\\\/compiegne-le-paris-roubaix-cest-ce-weekend\\\/#breadcrumb\",\"itemListElement\":[{\"@type\":\"ListItem\",\"position\":1,\"name\":\"Accueil\",\"item\":\"https:\\\/\\\/happynessradio.fr\\\/oise\\\/\"},{\"@type\":\"ListItem\",\"position\":2,\"name\":\"Compi\u00e8gne : Le Paris Roubaix c&rsquo;est ce weekend\"}]},{\"@type\":\"WebSite\",\"@id\":\"https:\\\/\\\/happynessradio.fr\\\/oise\\\/#website\",\"url\":\"https:\\\/\\\/happynessradio.fr\\\/oise\\\/\",\"name\":\"Happyness Oise\",\"description\":\"Toujours au plus proche de vous\",\"potentialAction\":[{\"@type\":\"SearchAction\",\"target\":{\"@type\":\"EntryPoint\",\"urlTemplate\":\"https:\\\/\\\/happynessradio.fr\\\/oise\\\/?s={search_term_string}\"},\"query-input\":{\"@type\":\"PropertyValueSpecification\",\"valueRequired\":true,\"valueName\":\"search_term_string\"}}],\"inLanguage\":\"fr-FR\"},{\"@type\":\"Person\",\"@id\":\"https:\\\/\\\/happynessradio.fr\\\/oise\\\/#\\\/schema\\\/person\\\/735f1a1ba15f9478beb4249ad52f7252\",\"name\":\"Lo\u00efc Dun\",\"image\":{\"@type\":\"ImageObject\",\"inLanguage\":\"fr-FR\",\"@id\":\"https:\\\/\\\/happynessradio.fr\\\/amiens\\\/wp-content\\\/uploads\\\/sites\\\/3\\\/2025\\\/12\\\/cropped-Portrait-Loic-25-26-96x96.webp\",\"url\":\"https:\\\/\\\/happynessradio.fr\\\/amiens\\\/wp-content\\\/uploads\\\/sites\\\/3\\\/2025\\\/12\\\/cropped-Portrait-Loic-25-26-96x96.webp\",\"contentUrl\":\"https:\\\/\\\/happynessradio.fr\\\/amiens\\\/wp-content\\\/uploads\\\/sites\\\/3\\\/2025\\\/12\\\/cropped-Portrait-Loic-25-26-96x96.webp\",\"caption\":\"Lo\u00efc Dun\"},\"description\":\"R\u00e9dacteur web Happyness. Co-animateur (chroniqueur) Quoi d'neuf ? Amiens Chroniqueur Le R\u00e9veil Happyness\",\"sameAs\":[\"https:\\\/\\\/www.instagram.com\\\/lolo80radio\\\/\",\"https:\\\/\\\/www.linkedin.com\\\/in\\\/loc-d-365960164\\\/\"],\"url\":\"https:\\\/\\\/happynessradio.fr\\\/oise\\\/articles\\\/author\\\/loicdun\\\/\"}]}<\/script>\n<!-- \/ Yoast SEO plugin. -->","yoast_head_json":{"title":"Compi\u00e8gne : Le Paris Roubaix c'est ce weekend - Happyness Oise","description":"Vibrez au rythme du Paris-Roubaix \u00e0 Compi\u00e8gne les 11 et 12 avril ! D\u00e9couvrez le programme des animations, la pr\u00e9sentation des \u00e9quipes et les infos pratiques pour le Grand D\u00e9part de cette course mythique de 258,3 km.","robots":{"index":"index","follow":"follow","max-snippet":"max-snippet:-1","max-image-preview":"max-image-preview:large","max-video-preview":"max-video-preview:-1"},"canonical":"https:\/\/happynessradio.fr\/oise\/articles\/compiegne-le-paris-roubaix-cest-ce-weekend\/","og_locale":"fr_FR","og_type":"article","og_title":"Compi\u00e8gne : Le Paris Roubaix c'est ce weekend - Happyness Oise","og_description":"Vibrez au rythme du Paris-Roubaix \u00e0 Compi\u00e8gne les 11 et 12 avril ! D\u00e9couvrez le programme des animations, la pr\u00e9sentation des \u00e9quipes et les infos pratiques pour le Grand D\u00e9part de cette course mythique de 258,3 km.","og_url":"https:\/\/happynessradio.fr\/oise\/articles\/compiegne-le-paris-roubaix-cest-ce-weekend\/","og_site_name":"Happyness Oise","article_published_time":"2026-04-09T18:19:04+00:00","article_modified_time":"2026-04-09T18:19:06+00:00","og_image":[{"width":1083,"height":486,"url":"https:\/\/happynessradio.fr\/oise\/wp-content\/uploads\/sites\/2\/2026\/04\/MockUp-Visuels-articles-50.webp","type":"image\/webp"}],"author":"Lo\u00efc Dun","twitter_card":"summary_large_image","twitter_misc":{"\u00c9crit par":"Lo\u00efc Dun","Dur\u00e9e de lecture estim\u00e9e":"2 minutes"},"schema":{"@context":"https:\/\/schema.org","@graph":[{"@type":"Article","@id":"https:\/\/happynessradio.fr\/oise\/articles\/compiegne-le-paris-roubaix-cest-ce-weekend\/#article","isPartOf":{"@id":"https:\/\/happynessradio.fr\/oise\/articles\/compiegne-le-paris-roubaix-cest-ce-weekend\/"},"author":{"name":"Lo\u00efc Dun","@id":"https:\/\/happynessradio.fr\/oise\/#\/schema\/person\/735f1a1ba15f9478beb4249ad52f7252"},"headline":"Compi\u00e8gne : Le Paris Roubaix c&rsquo;est ce weekend","datePublished":"2026-04-09T18:19:04+00:00","dateModified":"2026-04-09T18:19:06+00:00","mainEntityOfPage":{"@id":"https:\/\/happynessradio.fr\/oise\/articles\/compiegne-le-paris-roubaix-cest-ce-weekend\/"},"wordCount":372,"commentCount":0,"image":{"@id":"https:\/\/happynessradio.fr\/oise\/articles\/compiegne-le-paris-roubaix-cest-ce-weekend\/#primaryimage"},"thumbnailUrl":"https:\/\/happynessradio.fr\/oise\/wp-content\/uploads\/sites\/2\/2026\/04\/MockUp-Visuels-articles-50.webp","articleSection":["Oise"],"inLanguage":"fr-FR","potentialAction":[{"@type":"CommentAction","name":"Comment","target":["https:\/\/happynessradio.fr\/oise\/articles\/compiegne-le-paris-roubaix-cest-ce-weekend\/#respond"]}]},{"@type":"WebPage","@id":"https:\/\/happynessradio.fr\/oise\/articles\/compiegne-le-paris-roubaix-cest-ce-weekend\/","url":"https:\/\/happynessradio.fr\/oise\/articles\/compiegne-le-paris-roubaix-cest-ce-weekend\/","name":"Compi\u00e8gne : Le Paris Roubaix c'est ce weekend - Happyness Oise","isPartOf":{"@id":"https:\/\/happynessradio.fr\/oise\/#website"},"primaryImageOfPage":{"@id":"https:\/\/happynessradio.fr\/oise\/articles\/compiegne-le-paris-roubaix-cest-ce-weekend\/#primaryimage"},"image":{"@id":"https:\/\/happynessradio.fr\/oise\/articles\/compiegne-le-paris-roubaix-cest-ce-weekend\/#primaryimage"},"thumbnailUrl":"https:\/\/happynessradio.fr\/oise\/wp-content\/uploads\/sites\/2\/2026\/04\/MockUp-Visuels-articles-50.webp","datePublished":"2026-04-09T18:19:04+00:00","dateModified":"2026-04-09T18:19:06+00:00","author":{"@id":"https:\/\/happynessradio.fr\/oise\/#\/schema\/person\/735f1a1ba15f9478beb4249ad52f7252"},"description":"Vibrez au rythme du Paris-Roubaix \u00e0 Compi\u00e8gne les 11 et 12 avril ! D\u00e9couvrez le programme des animations, la pr\u00e9sentation des \u00e9quipes et les infos pratiques pour le Grand D\u00e9part de cette course mythique de 258,3 km.","breadcrumb":{"@id":"https:\/\/happynessradio.fr\/oise\/articles\/compiegne-le-paris-roubaix-cest-ce-weekend\/#breadcrumb"},"inLanguage":"fr-FR","potentialAction":[{"@type":"ReadAction","target":["https:\/\/happynessradio.fr\/oise\/articles\/compiegne-le-paris-roubaix-cest-ce-weekend\/"]}]},{"@type":"ImageObject","inLanguage":"fr-FR","@id":"https:\/\/happynessradio.fr\/oise\/articles\/compiegne-le-paris-roubaix-cest-ce-weekend\/#primaryimage","url":"https:\/\/happynessradio.fr\/oise\/wp-content\/uploads\/sites\/2\/2026\/04\/MockUp-Visuels-articles-50.webp","contentUrl":"https:\/\/happynessradio.fr\/oise\/wp-content\/uploads\/sites\/2\/2026\/04\/MockUp-Visuels-articles-50.webp","width":1083,"height":486,"caption":": Une image en noir et blanc textur\u00e9e de gros pav\u00e9s de pierre de granit, vus de dessus. De l'herbe s\u00e8che et des d\u00e9bris sont \u00e9parpill\u00e9s sur les pierres et dans les joints. De grandes formes triangulaires rouges et unies encadrent l'image dans les coins sup\u00e9rieur gauche et inf\u00e9rieur droit."},{"@type":"BreadcrumbList","@id":"https:\/\/happynessradio.fr\/oise\/articles\/compiegne-le-paris-roubaix-cest-ce-weekend\/#breadcrumb","itemListElement":[{"@type":"ListItem","position":1,"name":"Accueil","item":"https:\/\/happynessradio.fr\/oise\/"},{"@type":"ListItem","position":2,"name":"Compi\u00e8gne : Le Paris Roubaix c&rsquo;est ce weekend"}]},{"@type":"WebSite","@id":"https:\/\/happynessradio.fr\/oise\/#website","url":"https:\/\/happynessradio.fr\/oise\/","name":"Happyness Oise","description":"Toujours au plus proche de vous","potentialAction":[{"@type":"SearchAction","target":{"@type":"EntryPoint","urlTemplate":"https:\/\/happynessradio.fr\/oise\/?s={search_term_string}"},"query-input":{"@type":"PropertyValueSpecification","valueRequired":true,"valueName":"search_term_string"}}],"inLanguage":"fr-FR"},{"@type":"Person","@id":"https:\/\/happynessradio.fr\/oise\/#\/schema\/person\/735f1a1ba15f9478beb4249ad52f7252","name":"Lo\u00efc Dun","image":{"@type":"ImageObject","inLanguage":"fr-FR","@id":"https:\/\/happynessradio.fr\/amiens\/wp-content\/uploads\/sites\/3\/2025\/12\/cropped-Portrait-Loic-25-26-96x96.webp","url":"https:\/\/happynessradio.fr\/amiens\/wp-content\/uploads\/sites\/3\/2025\/12\/cropped-Portrait-Loic-25-26-96x96.webp","contentUrl":"https:\/\/happynessradio.fr\/amiens\/wp-content\/uploads\/sites\/3\/2025\/12\/cropped-Portrait-Loic-25-26-96x96.webp","caption":"Lo\u00efc Dun"},"description":"R\u00e9dacteur web Happyness. Co-animateur (chroniqueur) Quoi d'neuf ? Amiens Chroniqueur Le R\u00e9veil Happyness","sameAs":["https:\/\/www.instagram.com\/lolo80radio\/","https:\/\/www.linkedin.com\/in\/loc-d-365960164\/"],"url":"https:\/\/happynessradio.fr\/oise\/articles\/author\/loicdun\/"}]}},"modified_by":"Lo\u00efc Dun","_links":{"self":[{"href":"https:\/\/happynessradio.fr\/oise\/wp-json\/wp\/v2\/posts\/12565","targetHints":{"allow":["GET"]}}],"collection":[{"href":"https:\/\/happynessradio.fr\/oise\/wp-json\/wp\/v2\/posts"}],"about":[{"href":"https:\/\/happynessradio.fr\/oise\/wp-json\/wp\/v2\/types\/post"}],"author":[{"embeddable":true,"href":"https:\/\/happynessradio.fr\/oise\/wp-json\/wp\/v2\/users\/6"}],"replies":[{"embeddable":true,"href":"https:\/\/happynessradio.fr\/oise\/wp-json\/wp\/v2\/comments?post=12565"}],"version-history":[{"count":1,"href":"https:\/\/happynessradio.fr\/oise\/wp-json\/wp\/v2\/posts\/12565\/revisions"}],"predecessor-version":[{"id":12567,"href":"https:\/\/happynessradio.fr\/oise\/wp-json\/wp\/v2\/posts\/12565\/revisions\/12567"}],"wp:featuredmedia":[{"embeddable":true,"href":"https:\/\/happynessradio.fr\/oise\/wp-json\/wp\/v2\/media\/12566"}],"wp:attachment":[{"href":"https:\/\/happynessradio.fr\/oise\/wp-json\/wp\/v2\/media?parent=12565"}],"wp:term":[{"taxonomy":"category","embeddable":true,"href":"https:\/\/happynessradio.fr\/oise\/wp-json\/wp\/v2\/categories?post=12565"},{"taxonomy":"post_tag","embeddable":true,"href":"https:\/\/happynessradio.fr\/oise\/wp-json\/wp\/v2\/tags?post=12565"}],"curies":[{"name":"wp","href":"https:\/\/api.w.org\/{rel}","templated":true}]}}