{"id":12569,"date":"2026-04-10T17:29:34","date_gmt":"2026-04-10T15:29:34","guid":{"rendered":"https:\/\/happynessradio.fr\/oise\/?p=12569"},"modified":"2026-04-10T17:29:35","modified_gmt":"2026-04-10T15:29:35","slug":"oise-un-weekend-sous-la-pluie","status":"publish","type":"post","link":"https:\/\/happynessradio.fr\/oise\/articles\/oise-un-weekend-sous-la-pluie\/","title":{"rendered":"Oise : un weekend sous la pluie"},"content":{"rendered":"\n<p><em>Ce premier weekend des vacances de p\u00e2ques se fera en l&rsquo;absence du soleil, puisque de la pluie est attendue pour samedi,  tandis que dimanche les nuages seront au rendez-vous dans la plupart des villes de l&rsquo;Oise.  On fait le point dans cet article concernant les pr\u00e9visions. <\/em><\/p>\n\n\n\n<h2 class=\"wp-block-heading\">Dans le secteur de Beauvais<\/h2>\n\n\n\n<p>Ce weekend dans l&rsquo;Oise c\u00f4t\u00e9 <a href=\"https:\/\/meteofrance.com\/previsions-meteo-france\/oise\/60\" id=\"https:\/\/meteofrance.com\/previsions-meteo-france\/oise\/60\">m\u00e9t\u00e9o<\/a>, la pluie sera pr\u00e9sente en l&rsquo;occurrence ce samedi dans le Beauvaisis et m\u00eame pour vous dire \u00e0 <a href=\"https:\/\/www.skylinewebcams.com\/en\/webcam\/japan\/kanto\/tokyo\/kabukicho.html\" id=\"https:\/\/www.skylinewebcams.com\/en\/webcam\/japan\/kanto\/tokyo\/kabukicho.html\">Takyo<\/a> au Japon ils auront plus de chance car contrairement \u00e0 nous le soleil sera pr\u00e9sent. En ce qui concerne Beauvais, Till\u00e9 et Saint Martin le n\u0153ud, et bien, il faudra donc pr\u00e9voir de sortir le parapluie o\u00f9 on s&rsquo;attend \u00e0 15 degr\u00e9s pour la maximale avec des nuages pour dimanche. <\/p>\n\n\n\n<h2 class=\"wp-block-heading\">Dans le compi\u00e9gnois<\/h2>\n\n\n\n<p>Dans le compi\u00e9gnois du c\u00f4t\u00e9 de Compi\u00e8gne, Jaux et Choisy-au-Bac, la pluie sera l\u00e0 aussi, mais pour dimanche, vous savez quoi ? Oui vous avez s\u00fbrement devin\u00e9, il fera aussi nuageux avec 16 degr\u00e9s au thermom\u00e8tre. Concernant Creil et Nogent-sur-Oise, le parapluie sera utile et pour finir le weekend pr\u00e9sence d&rsquo;un ciel nuageux avec 16 degr\u00e9s au programme.  <\/p>\n\n\n\n<h2 class=\"wp-block-heading\">Et pour Chantilly ? <\/h2>\n\n\n\n<p>Enfin pour finir dans le secteur de Chantilly et de Saint Maximin, des averses sont pr\u00e9vues mais le lendemain ce sont les nuages qui seront \u00e0 la f\u00eate pour terminer ce premier dimanche des vacances de p\u00e2ques, l&rsquo;occasion pourquoi de visiter <a href=\"https:\/\/chateaudechantilly.fr\/\" id=\"https:\/\/chateaudechantilly.fr\/\">le ch\u00e2teau<\/a> class\u00e9 monument pr\u00e9f\u00e9r\u00e9 des fran\u00e7ais.  <\/p>\n","protected":false},"excerpt":{"rendered":"<p>Ce premier weekend des vacances de p\u00e2ques se fera en l&rsquo;absence du soleil, puisque de la pluie est attendue pour samedi, tandis que dimanche les nuages seront au rendez-vous dans la plupart des villes de l&rsquo;Oise. On fait le point dans cet article concernant les pr\u00e9visions. Dans le secteur de Beauvais Ce weekend dans l&rsquo;Oise c\u00f4t\u00e9 m\u00e9t\u00e9o, la pluie sera pr\u00e9sente en l&rsquo;occurrence ce samedi dans le Beauvaisis et m\u00eame pour vous dire \u00e0 Takyo au Japon ils auront plus de chance car contrairement \u00e0 nous le soleil sera pr\u00e9sent. En ce qui concerne Beauvais, Till\u00e9 et Saint Martin le n\u0153ud, et bien, il faudra donc pr\u00e9voir de sortir le parapluie o\u00f9 on s&rsquo;attend \u00e0 15 degr\u00e9s pour la maximale avec des nuages pour dimanche. Dans le compi\u00e9gnois Dans le compi\u00e9gnois du c\u00f4t\u00e9 de Compi\u00e8gne, Jaux et Choisy-au-Bac, la pluie sera l\u00e0 aussi, mais pour dimanche, vous savez quoi ? Oui vous avez s\u00fbrement devin\u00e9, il fera aussi nuageux avec 16 degr\u00e9s au thermom\u00e8tre. Concernant Creil et Nogent-sur-Oise, le parapluie sera utile et pour finir le weekend pr\u00e9sence d&rsquo;un ciel nuageux avec 16 degr\u00e9s au programme. Et pour Chantilly ? Enfin pour finir dans le secteur de Chantilly et de Saint Maximin, des averses sont pr\u00e9vues mais le lendemain ce sont les nuages qui seront \u00e0 la f\u00eate pour terminer ce premier dimanche des vacances de p\u00e2ques, l&rsquo;occasion pourquoi de visiter le ch\u00e2teau class\u00e9 monument pr\u00e9f\u00e9r\u00e9 des fran\u00e7ais.<\/p>\n","protected":false},"author":6,"featured_media":12321,"comment_status":"open","ping_status":"open","sticky":false,"template":"","format":"standard","meta":{"_lmt_disableupdate":"","_lmt_disable":"","footnotes":""},"categories":[8],"tags":[],"class_list":["post-12569","post","type-post","status-publish","format-standard","has-post-thumbnail","hentry","category-oise"],"yoast_head":"<!-- This site is optimized with the Yoast SEO plugin v27.5 - https:\/\/yoast.com\/product\/yoast-seo-wordpress\/ -->\n<title>Oise : un weekend sous la pluie - Happyness Oise<\/title>\n<meta name=\"description\" content=\"Quel temps pour le 1er weekend des vacances dans l&#039;Oise ? Pluie et nuages pr\u00e9vus \u00e0 Beauvais, Compi\u00e8gne et Creil. D\u00e9couvrez les pr\u00e9visions m\u00e9t\u00e9o compl\u00e8tes ici.\" \/>\n<meta name=\"robots\" content=\"index, follow, max-snippet:-1, max-image-preview:large, max-video-preview:-1\" \/>\n<link rel=\"canonical\" href=\"https:\/\/happynessradio.fr\/oise\/articles\/oise-un-weekend-sous-la-pluie\/\" \/>\n<meta property=\"og:locale\" content=\"fr_FR\" \/>\n<meta property=\"og:type\" content=\"article\" \/>\n<meta property=\"og:title\" content=\"Oise : un weekend sous la pluie - Happyness Oise\" \/>\n<meta property=\"og:description\" content=\"Quel temps pour le 1er weekend des vacances dans l&#039;Oise ? Pluie et nuages pr\u00e9vus \u00e0 Beauvais, Compi\u00e8gne et Creil. D\u00e9couvrez les pr\u00e9visions m\u00e9t\u00e9o compl\u00e8tes ici.\" \/>\n<meta property=\"og:url\" content=\"https:\/\/happynessradio.fr\/oise\/articles\/oise-un-weekend-sous-la-pluie\/\" \/>\n<meta property=\"og:site_name\" content=\"Happyness Oise\" \/>\n<meta property=\"article:published_time\" content=\"2026-04-10T15:29:34+00:00\" \/>\n<meta property=\"article:modified_time\" content=\"2026-04-10T15:29:35+00:00\" \/>\n<meta property=\"og:image\" content=\"https:\/\/happynessradio.fr\/oise\/wp-content\/uploads\/sites\/2\/2026\/03\/MockUp-Visuels-articles-5-1.webp\" \/>\n\t<meta property=\"og:image:width\" content=\"1083\" \/>\n\t<meta property=\"og:image:height\" content=\"486\" \/>\n\t<meta property=\"og:image:type\" content=\"image\/webp\" \/>\n<meta name=\"author\" content=\"Lo\u00efc Dun\" \/>\n<meta name=\"twitter:card\" content=\"summary_large_image\" \/>\n<meta name=\"twitter:label1\" content=\"\u00c9crit par\" \/>\n\t<meta name=\"twitter:data1\" content=\"Lo\u00efc Dun\" \/>\n\t<meta name=\"twitter:label2\" content=\"Dur\u00e9e de lecture estim\u00e9e\" \/>\n\t<meta name=\"twitter:data2\" content=\"2 minutes\" \/>\n<script type=\"application\/ld+json\" class=\"yoast-schema-graph\">{\"@context\":\"https:\\\/\\\/schema.org\",\"@graph\":[{\"@type\":\"Article\",\"@id\":\"https:\\\/\\\/happynessradio.fr\\\/oise\\\/articles\\\/oise-un-weekend-sous-la-pluie\\\/#article\",\"isPartOf\":{\"@id\":\"https:\\\/\\\/happynessradio.fr\\\/oise\\\/articles\\\/oise-un-weekend-sous-la-pluie\\\/\"},\"author\":{\"name\":\"Lo\u00efc Dun\",\"@id\":\"https:\\\/\\\/happynessradio.fr\\\/oise\\\/#\\\/schema\\\/person\\\/735f1a1ba15f9478beb4249ad52f7252\"},\"headline\":\"Oise : un weekend sous la pluie\",\"datePublished\":\"2026-04-10T15:29:34+00:00\",\"dateModified\":\"2026-04-10T15:29:35+00:00\",\"mainEntityOfPage\":{\"@id\":\"https:\\\/\\\/happynessradio.fr\\\/oise\\\/articles\\\/oise-un-weekend-sous-la-pluie\\\/\"},\"wordCount\":269,\"commentCount\":0,\"image\":{\"@id\":\"https:\\\/\\\/happynessradio.fr\\\/oise\\\/articles\\\/oise-un-weekend-sous-la-pluie\\\/#primaryimage\"},\"thumbnailUrl\":\"https:\\\/\\\/happynessradio.fr\\\/oise\\\/wp-content\\\/uploads\\\/sites\\\/2\\\/2026\\\/03\\\/MockUp-Visuels-articles-5-1.webp\",\"articleSection\":[\"Oise\"],\"inLanguage\":\"fr-FR\",\"potentialAction\":[{\"@type\":\"CommentAction\",\"name\":\"Comment\",\"target\":[\"https:\\\/\\\/happynessradio.fr\\\/oise\\\/articles\\\/oise-un-weekend-sous-la-pluie\\\/#respond\"]}]},{\"@type\":\"WebPage\",\"@id\":\"https:\\\/\\\/happynessradio.fr\\\/oise\\\/articles\\\/oise-un-weekend-sous-la-pluie\\\/\",\"url\":\"https:\\\/\\\/happynessradio.fr\\\/oise\\\/articles\\\/oise-un-weekend-sous-la-pluie\\\/\",\"name\":\"Oise : un weekend sous la pluie - Happyness Oise\",\"isPartOf\":{\"@id\":\"https:\\\/\\\/happynessradio.fr\\\/oise\\\/#website\"},\"primaryImageOfPage\":{\"@id\":\"https:\\\/\\\/happynessradio.fr\\\/oise\\\/articles\\\/oise-un-weekend-sous-la-pluie\\\/#primaryimage\"},\"image\":{\"@id\":\"https:\\\/\\\/happynessradio.fr\\\/oise\\\/articles\\\/oise-un-weekend-sous-la-pluie\\\/#primaryimage\"},\"thumbnailUrl\":\"https:\\\/\\\/happynessradio.fr\\\/oise\\\/wp-content\\\/uploads\\\/sites\\\/2\\\/2026\\\/03\\\/MockUp-Visuels-articles-5-1.webp\",\"datePublished\":\"2026-04-10T15:29:34+00:00\",\"dateModified\":\"2026-04-10T15:29:35+00:00\",\"author\":{\"@id\":\"https:\\\/\\\/happynessradio.fr\\\/oise\\\/#\\\/schema\\\/person\\\/735f1a1ba15f9478beb4249ad52f7252\"},\"description\":\"Quel temps pour le 1er weekend des vacances dans l'Oise ? Pluie et nuages pr\u00e9vus \u00e0 Beauvais, Compi\u00e8gne et Creil. D\u00e9couvrez les pr\u00e9visions m\u00e9t\u00e9o compl\u00e8tes ici.\",\"breadcrumb\":{\"@id\":\"https:\\\/\\\/happynessradio.fr\\\/oise\\\/articles\\\/oise-un-weekend-sous-la-pluie\\\/#breadcrumb\"},\"inLanguage\":\"fr-FR\",\"potentialAction\":[{\"@type\":\"ReadAction\",\"target\":[\"https:\\\/\\\/happynessradio.fr\\\/oise\\\/articles\\\/oise-un-weekend-sous-la-pluie\\\/\"]}]},{\"@type\":\"ImageObject\",\"inLanguage\":\"fr-FR\",\"@id\":\"https:\\\/\\\/happynessradio.fr\\\/oise\\\/articles\\\/oise-un-weekend-sous-la-pluie\\\/#primaryimage\",\"url\":\"https:\\\/\\\/happynessradio.fr\\\/oise\\\/wp-content\\\/uploads\\\/sites\\\/2\\\/2026\\\/03\\\/MockUp-Visuels-articles-5-1.webp\",\"contentUrl\":\"https:\\\/\\\/happynessradio.fr\\\/oise\\\/wp-content\\\/uploads\\\/sites\\\/2\\\/2026\\\/03\\\/MockUp-Visuels-articles-5-1.webp\",\"width\":1083,\"height\":486,\"caption\":\"Un plan moyen d'un ciel couvert d'\u00e9pais nuages gris textur\u00e9s, \u00e9voquant un temps orageux. L'image est encadr\u00e9e par deux formes g\u00e9om\u00e9triques rouges unies : un triangle pointant vers le bas dans le coin sup\u00e9rieur gauche et une forme en pointe dans le coin inf\u00e9rieur droit.\"},{\"@type\":\"BreadcrumbList\",\"@id\":\"https:\\\/\\\/happynessradio.fr\\\/oise\\\/articles\\\/oise-un-weekend-sous-la-pluie\\\/#breadcrumb\",\"itemListElement\":[{\"@type\":\"ListItem\",\"position\":1,\"name\":\"Accueil\",\"item\":\"https:\\\/\\\/happynessradio.fr\\\/oise\\\/\"},{\"@type\":\"ListItem\",\"position\":2,\"name\":\"Oise : un weekend sous la pluie\"}]},{\"@type\":\"WebSite\",\"@id\":\"https:\\\/\\\/happynessradio.fr\\\/oise\\\/#website\",\"url\":\"https:\\\/\\\/happynessradio.fr\\\/oise\\\/\",\"name\":\"Happyness Oise\",\"description\":\"Toujours au plus proche de vous\",\"potentialAction\":[{\"@type\":\"SearchAction\",\"target\":{\"@type\":\"EntryPoint\",\"urlTemplate\":\"https:\\\/\\\/happynessradio.fr\\\/oise\\\/?s={search_term_string}\"},\"query-input\":{\"@type\":\"PropertyValueSpecification\",\"valueRequired\":true,\"valueName\":\"search_term_string\"}}],\"inLanguage\":\"fr-FR\"},{\"@type\":\"Person\",\"@id\":\"https:\\\/\\\/happynessradio.fr\\\/oise\\\/#\\\/schema\\\/person\\\/735f1a1ba15f9478beb4249ad52f7252\",\"name\":\"Lo\u00efc Dun\",\"image\":{\"@type\":\"ImageObject\",\"inLanguage\":\"fr-FR\",\"@id\":\"https:\\\/\\\/happynessradio.fr\\\/amiens\\\/wp-content\\\/uploads\\\/sites\\\/3\\\/2025\\\/12\\\/cropped-Portrait-Loic-25-26-96x96.webp\",\"url\":\"https:\\\/\\\/happynessradio.fr\\\/amiens\\\/wp-content\\\/uploads\\\/sites\\\/3\\\/2025\\\/12\\\/cropped-Portrait-Loic-25-26-96x96.webp\",\"contentUrl\":\"https:\\\/\\\/happynessradio.fr\\\/amiens\\\/wp-content\\\/uploads\\\/sites\\\/3\\\/2025\\\/12\\\/cropped-Portrait-Loic-25-26-96x96.webp\",\"caption\":\"Lo\u00efc Dun\"},\"description\":\"R\u00e9dacteur web Happyness. Co-animateur (chroniqueur) Quoi d'neuf ? Amiens Chroniqueur Le R\u00e9veil Happyness\",\"sameAs\":[\"https:\\\/\\\/www.instagram.com\\\/lolo80radio\\\/\",\"https:\\\/\\\/www.linkedin.com\\\/in\\\/loc-d-365960164\\\/\"],\"url\":\"https:\\\/\\\/happynessradio.fr\\\/oise\\\/articles\\\/author\\\/loicdun\\\/\"}]}<\/script>\n<!-- \/ Yoast SEO plugin. -->","yoast_head_json":{"title":"Oise : un weekend sous la pluie - Happyness Oise","description":"Quel temps pour le 1er weekend des vacances dans l'Oise ? Pluie et nuages pr\u00e9vus \u00e0 Beauvais, Compi\u00e8gne et Creil. D\u00e9couvrez les pr\u00e9visions m\u00e9t\u00e9o compl\u00e8tes ici.","robots":{"index":"index","follow":"follow","max-snippet":"max-snippet:-1","max-image-preview":"max-image-preview:large","max-video-preview":"max-video-preview:-1"},"canonical":"https:\/\/happynessradio.fr\/oise\/articles\/oise-un-weekend-sous-la-pluie\/","og_locale":"fr_FR","og_type":"article","og_title":"Oise : un weekend sous la pluie - Happyness Oise","og_description":"Quel temps pour le 1er weekend des vacances dans l'Oise ? Pluie et nuages pr\u00e9vus \u00e0 Beauvais, Compi\u00e8gne et Creil. D\u00e9couvrez les pr\u00e9visions m\u00e9t\u00e9o compl\u00e8tes ici.","og_url":"https:\/\/happynessradio.fr\/oise\/articles\/oise-un-weekend-sous-la-pluie\/","og_site_name":"Happyness Oise","article_published_time":"2026-04-10T15:29:34+00:00","article_modified_time":"2026-04-10T15:29:35+00:00","og_image":[{"width":1083,"height":486,"url":"https:\/\/happynessradio.fr\/oise\/wp-content\/uploads\/sites\/2\/2026\/03\/MockUp-Visuels-articles-5-1.webp","type":"image\/webp"}],"author":"Lo\u00efc Dun","twitter_card":"summary_large_image","twitter_misc":{"\u00c9crit par":"Lo\u00efc Dun","Dur\u00e9e de lecture estim\u00e9e":"2 minutes"},"schema":{"@context":"https:\/\/schema.org","@graph":[{"@type":"Article","@id":"https:\/\/happynessradio.fr\/oise\/articles\/oise-un-weekend-sous-la-pluie\/#article","isPartOf":{"@id":"https:\/\/happynessradio.fr\/oise\/articles\/oise-un-weekend-sous-la-pluie\/"},"author":{"name":"Lo\u00efc Dun","@id":"https:\/\/happynessradio.fr\/oise\/#\/schema\/person\/735f1a1ba15f9478beb4249ad52f7252"},"headline":"Oise : un weekend sous la pluie","datePublished":"2026-04-10T15:29:34+00:00","dateModified":"2026-04-10T15:29:35+00:00","mainEntityOfPage":{"@id":"https:\/\/happynessradio.fr\/oise\/articles\/oise-un-weekend-sous-la-pluie\/"},"wordCount":269,"commentCount":0,"image":{"@id":"https:\/\/happynessradio.fr\/oise\/articles\/oise-un-weekend-sous-la-pluie\/#primaryimage"},"thumbnailUrl":"https:\/\/happynessradio.fr\/oise\/wp-content\/uploads\/sites\/2\/2026\/03\/MockUp-Visuels-articles-5-1.webp","articleSection":["Oise"],"inLanguage":"fr-FR","potentialAction":[{"@type":"CommentAction","name":"Comment","target":["https:\/\/happynessradio.fr\/oise\/articles\/oise-un-weekend-sous-la-pluie\/#respond"]}]},{"@type":"WebPage","@id":"https:\/\/happynessradio.fr\/oise\/articles\/oise-un-weekend-sous-la-pluie\/","url":"https:\/\/happynessradio.fr\/oise\/articles\/oise-un-weekend-sous-la-pluie\/","name":"Oise : un weekend sous la pluie - Happyness Oise","isPartOf":{"@id":"https:\/\/happynessradio.fr\/oise\/#website"},"primaryImageOfPage":{"@id":"https:\/\/happynessradio.fr\/oise\/articles\/oise-un-weekend-sous-la-pluie\/#primaryimage"},"image":{"@id":"https:\/\/happynessradio.fr\/oise\/articles\/oise-un-weekend-sous-la-pluie\/#primaryimage"},"thumbnailUrl":"https:\/\/happynessradio.fr\/oise\/wp-content\/uploads\/sites\/2\/2026\/03\/MockUp-Visuels-articles-5-1.webp","datePublished":"2026-04-10T15:29:34+00:00","dateModified":"2026-04-10T15:29:35+00:00","author":{"@id":"https:\/\/happynessradio.fr\/oise\/#\/schema\/person\/735f1a1ba15f9478beb4249ad52f7252"},"description":"Quel temps pour le 1er weekend des vacances dans l'Oise ? Pluie et nuages pr\u00e9vus \u00e0 Beauvais, Compi\u00e8gne et Creil. D\u00e9couvrez les pr\u00e9visions m\u00e9t\u00e9o compl\u00e8tes ici.","breadcrumb":{"@id":"https:\/\/happynessradio.fr\/oise\/articles\/oise-un-weekend-sous-la-pluie\/#breadcrumb"},"inLanguage":"fr-FR","potentialAction":[{"@type":"ReadAction","target":["https:\/\/happynessradio.fr\/oise\/articles\/oise-un-weekend-sous-la-pluie\/"]}]},{"@type":"ImageObject","inLanguage":"fr-FR","@id":"https:\/\/happynessradio.fr\/oise\/articles\/oise-un-weekend-sous-la-pluie\/#primaryimage","url":"https:\/\/happynessradio.fr\/oise\/wp-content\/uploads\/sites\/2\/2026\/03\/MockUp-Visuels-articles-5-1.webp","contentUrl":"https:\/\/happynessradio.fr\/oise\/wp-content\/uploads\/sites\/2\/2026\/03\/MockUp-Visuels-articles-5-1.webp","width":1083,"height":486,"caption":"Un plan moyen d'un ciel couvert d'\u00e9pais nuages gris textur\u00e9s, \u00e9voquant un temps orageux. L'image est encadr\u00e9e par deux formes g\u00e9om\u00e9triques rouges unies : un triangle pointant vers le bas dans le coin sup\u00e9rieur gauche et une forme en pointe dans le coin inf\u00e9rieur droit."},{"@type":"BreadcrumbList","@id":"https:\/\/happynessradio.fr\/oise\/articles\/oise-un-weekend-sous-la-pluie\/#breadcrumb","itemListElement":[{"@type":"ListItem","position":1,"name":"Accueil","item":"https:\/\/happynessradio.fr\/oise\/"},{"@type":"ListItem","position":2,"name":"Oise : un weekend sous la pluie"}]},{"@type":"WebSite","@id":"https:\/\/happynessradio.fr\/oise\/#website","url":"https:\/\/happynessradio.fr\/oise\/","name":"Happyness Oise","description":"Toujours au plus proche de vous","potentialAction":[{"@type":"SearchAction","target":{"@type":"EntryPoint","urlTemplate":"https:\/\/happynessradio.fr\/oise\/?s={search_term_string}"},"query-input":{"@type":"PropertyValueSpecification","valueRequired":true,"valueName":"search_term_string"}}],"inLanguage":"fr-FR"},{"@type":"Person","@id":"https:\/\/happynessradio.fr\/oise\/#\/schema\/person\/735f1a1ba15f9478beb4249ad52f7252","name":"Lo\u00efc Dun","image":{"@type":"ImageObject","inLanguage":"fr-FR","@id":"https:\/\/happynessradio.fr\/amiens\/wp-content\/uploads\/sites\/3\/2025\/12\/cropped-Portrait-Loic-25-26-96x96.webp","url":"https:\/\/happynessradio.fr\/amiens\/wp-content\/uploads\/sites\/3\/2025\/12\/cropped-Portrait-Loic-25-26-96x96.webp","contentUrl":"https:\/\/happynessradio.fr\/amiens\/wp-content\/uploads\/sites\/3\/2025\/12\/cropped-Portrait-Loic-25-26-96x96.webp","caption":"Lo\u00efc Dun"},"description":"R\u00e9dacteur web Happyness. Co-animateur (chroniqueur) Quoi d'neuf ? Amiens Chroniqueur Le R\u00e9veil Happyness","sameAs":["https:\/\/www.instagram.com\/lolo80radio\/","https:\/\/www.linkedin.com\/in\/loc-d-365960164\/"],"url":"https:\/\/happynessradio.fr\/oise\/articles\/author\/loicdun\/"}]}},"modified_by":"Lo\u00efc Dun","_links":{"self":[{"href":"https:\/\/happynessradio.fr\/oise\/wp-json\/wp\/v2\/posts\/12569","targetHints":{"allow":["GET"]}}],"collection":[{"href":"https:\/\/happynessradio.fr\/oise\/wp-json\/wp\/v2\/posts"}],"about":[{"href":"https:\/\/happynessradio.fr\/oise\/wp-json\/wp\/v2\/types\/post"}],"author":[{"embeddable":true,"href":"https:\/\/happynessradio.fr\/oise\/wp-json\/wp\/v2\/users\/6"}],"replies":[{"embeddable":true,"href":"https:\/\/happynessradio.fr\/oise\/wp-json\/wp\/v2\/comments?post=12569"}],"version-history":[{"count":1,"href":"https:\/\/happynessradio.fr\/oise\/wp-json\/wp\/v2\/posts\/12569\/revisions"}],"predecessor-version":[{"id":12570,"href":"https:\/\/happynessradio.fr\/oise\/wp-json\/wp\/v2\/posts\/12569\/revisions\/12570"}],"wp:featuredmedia":[{"embeddable":true,"href":"https:\/\/happynessradio.fr\/oise\/wp-json\/wp\/v2\/media\/12321"}],"wp:attachment":[{"href":"https:\/\/happynessradio.fr\/oise\/wp-json\/wp\/v2\/media?parent=12569"}],"wp:term":[{"taxonomy":"category","embeddable":true,"href":"https:\/\/happynessradio.fr\/oise\/wp-json\/wp\/v2\/categories?post=12569"},{"taxonomy":"post_tag","embeddable":true,"href":"https:\/\/happynessradio.fr\/oise\/wp-json\/wp\/v2\/tags?post=12569"}],"curies":[{"name":"wp","href":"https:\/\/api.w.org\/{rel}","templated":true}]}}