{"id":12571,"date":"2026-04-12T15:00:00","date_gmt":"2026-04-12T13:00:00","guid":{"rendered":"https:\/\/happynessradio.fr\/oise\/?p=12571"},"modified":"2026-04-11T14:39:08","modified_gmt":"2026-04-11T12:39:08","slug":"oise-alternance-de-nuages-et-soleil-et-pluie-pour-cette-semaine","status":"publish","type":"post","link":"https:\/\/happynessradio.fr\/oise\/articles\/oise-alternance-de-nuages-et-soleil-et-pluie-pour-cette-semaine\/","title":{"rendered":"Oise : Alternance de nuages et soleil et pluie pour cette semaine"},"content":{"rendered":"\n<p><em>Cette semaine dans l&rsquo;Oise, pr\u00e9sence d&rsquo;averses pour lundi, mais retour du soleil pour mardi avec un temps nuageux pour mercredi avant un risque de pr\u00e9sence de la pluie pour jeudi, mais retour d&rsquo;un temps couvert pour vendredi. Du c\u00f4t\u00e9 des temp\u00e9ratures entre 13 et 19 degr\u00e9s sur une grande partie du territoire. <\/em> <\/p>\n\n\n\n<h2 class=\"wp-block-heading\">Beauvais <\/h2>\n\n\n\n<p>Cette premi\u00e8re semaine des vacances de p\u00e2ques se fera sous<a href=\"https:\/\/meteofrance.com\/previsions-meteo-france\/oise\/60\" id=\"https:\/\/meteofrance.com\/previsions-meteo-france\/oise\/60\"> la pluie<\/a>, en particulier ce lundi pour le secteur du Beauvaisis avec une temp\u00e9rature de 13 degr\u00e9s. Pour esp\u00e9rer voir le soleil, il faudra patienter jusqu&rsquo;au lendemain avec un ciel partiellement ensoleill\u00e9, tandis que les nuages seront pr\u00e9sents mercredi avant le retour des averses pour jeudi et un temps couvert pour vendredi avec 18\u00b0C \u00e0 19\u00b0C. <\/p>\n\n\n\n<h2 class=\"wp-block-heading\">Compi\u00e8gne<\/h2>\n\n\n\n<p>Concernant Compi\u00e8gne et son agglom\u00e9ration, si vous aviez pr\u00e9vu de ranger <a href=\"https:\/\/www.oisetourisme.com\/\" id=\"https:\/\/www.oisetourisme.com\/\">le parapluie<\/a> et bien il pourra vous servir pour la journ\u00e9e de lundi, mais rassurez vous, le beau temps sera au rendez-vous pour mardi o\u00f9 comme pour Beauvais, on aura droit \u00e0 quelques rayons de soleil avec des temp\u00e9rature id\u00e9ales pour des sorties en ext\u00e9rieur, autrement dit entre 16\u00b0C \u00e0 17\u00b0C. Pour le milieu de la semaine, le ciel sera extr\u00eamement nuageux, et enfin pour jeudi il risque de pleuvoir avec pr\u00e9sence de nuages dans le ciel juste avant le weekend. <\/p>\n\n\n\n<h2 class=\"wp-block-heading\">Creil<\/h2>\n\n\n\n<p>Du c\u00f4t\u00e9 de Creil, on aurait aim\u00e9 vous annoncer le beau temps mais au contraire, les averses seront  l\u00e0 pour lundi, tandis que mardi, le soleil viendra vous dire bonjour, mais toutefois les nuages viendront se joindre au ciel pour mercredi. Pour jeudi, un risque d&rsquo;averses n&rsquo;est pas \u00e0 exclure malgr\u00e9 la pr\u00e9sence d&rsquo;un temps nuageux et un temps tr\u00e8s couvert pour vendredi. Les temp\u00e9ratures seront comprises entre 13 et 19 degr\u00e9s durant la semaine. <\/p>\n\n\n\n<h2 class=\"wp-block-heading\">Chantilly <\/h2>\n\n\n\n<p>Pour finir \u00e0 Chantilly, les gouttes de pluie seront pr\u00e9sentes pour lundi avec le soleil qui sera de la partie pour mardi avec pr\u00e9sence nuageuse pour mercredi. Jeudi, il n&rsquo;est pas impossible que des averses viennent perturber la fin de la semaine avec un temps couvert pour vendredi avec des temp\u00e9ratures comprises entre 18 et 19 degr\u00e9s. <\/p>\n","protected":false},"excerpt":{"rendered":"<p>Cette semaine dans l&rsquo;Oise, pr\u00e9sence d&rsquo;averses pour lundi, mais retour du soleil pour mardi avec un temps nuageux pour mercredi avant un risque de pr\u00e9sence de la pluie pour jeudi, mais retour d&rsquo;un temps couvert pour vendredi. Du c\u00f4t\u00e9 des temp\u00e9ratures entre 13 et 19 degr\u00e9s sur une grande partie du territoire. Beauvais Cette premi\u00e8re semaine des vacances de p\u00e2ques se fera sous la pluie, en particulier ce lundi pour le secteur du Beauvaisis avec une temp\u00e9rature de 13 degr\u00e9s. Pour esp\u00e9rer voir le soleil, il faudra patienter jusqu&rsquo;au lendemain avec un ciel partiellement ensoleill\u00e9, tandis que les nuages seront pr\u00e9sents mercredi avant le retour des averses pour jeudi et un temps couvert pour vendredi avec 18\u00b0C \u00e0 19\u00b0C. Compi\u00e8gne Concernant Compi\u00e8gne et son agglom\u00e9ration, si vous aviez pr\u00e9vu de ranger le parapluie et bien il pourra vous servir pour la journ\u00e9e de lundi, mais rassurez vous, le beau temps sera au rendez-vous pour mardi o\u00f9 comme pour Beauvais, on aura droit \u00e0 quelques rayons de soleil avec des temp\u00e9rature id\u00e9ales pour des sorties en ext\u00e9rieur, autrement dit entre 16\u00b0C \u00e0 17\u00b0C. Pour le milieu de la semaine, le ciel sera extr\u00eamement nuageux, et enfin pour jeudi il risque de pleuvoir avec pr\u00e9sence de nuages dans le ciel juste avant le weekend. Creil Du c\u00f4t\u00e9 de Creil, on aurait aim\u00e9 vous annoncer le beau temps mais au contraire, les averses seront l\u00e0 pour lundi, tandis que mardi, le soleil viendra vous dire bonjour, mais toutefois les nuages viendront se joindre au ciel pour mercredi. Pour jeudi, un risque d&rsquo;averses n&rsquo;est pas \u00e0 exclure malgr\u00e9 la pr\u00e9sence d&rsquo;un temps nuageux et un temps tr\u00e8s couvert pour vendredi. Les temp\u00e9ratures seront comprises entre 13 et 19 degr\u00e9s durant la semaine. Chantilly Pour finir \u00e0 Chantilly, les gouttes de pluie seront pr\u00e9sentes pour lundi avec le soleil qui sera de la partie pour mardi avec pr\u00e9sence nuageuse pour mercredi. Jeudi, il n&rsquo;est pas impossible que des averses viennent perturber la fin de la semaine avec un temps couvert pour vendredi avec des temp\u00e9ratures comprises entre 18 et 19 degr\u00e9s.<\/p>\n","protected":false},"author":6,"featured_media":12321,"comment_status":"open","ping_status":"open","sticky":false,"template":"","format":"standard","meta":{"_lmt_disableupdate":"","_lmt_disable":"","footnotes":""},"categories":[8],"tags":[],"class_list":["post-12571","post","type-post","status-publish","format-standard","has-post-thumbnail","hentry","category-oise"],"yoast_head":"<!-- This site is optimized with the Yoast SEO plugin v27.5 - https:\/\/yoast.com\/product\/yoast-seo-wordpress\/ -->\n<title>Oise : Alternance de nuages et soleil et pluie pour cette semaine - Happyness Oise<\/title>\n<meta name=\"description\" content=\"Quel temps pour cette premi\u00e8re semaine des vacances de P\u00e2ques dans l&#039;Oise ? D\u00e9couvrez les pr\u00e9visions \u00e0 Beauvais, Compi\u00e8gne, Creil et Chantilly : entre averses, \u00e9claircies de mardi et temp\u00e9ratures printani\u00e8res jusqu&#039;\u00e0 19\u00b0C.\" \/>\n<meta name=\"robots\" content=\"index, follow, max-snippet:-1, max-image-preview:large, max-video-preview:-1\" \/>\n<link rel=\"canonical\" href=\"https:\/\/happynessradio.fr\/oise\/articles\/oise-alternance-de-nuages-et-soleil-et-pluie-pour-cette-semaine\/\" \/>\n<meta property=\"og:locale\" content=\"fr_FR\" \/>\n<meta property=\"og:type\" content=\"article\" \/>\n<meta property=\"og:title\" content=\"Oise : Alternance de nuages et soleil et pluie pour cette semaine - Happyness Oise\" \/>\n<meta property=\"og:description\" content=\"Quel temps pour cette premi\u00e8re semaine des vacances de P\u00e2ques dans l&#039;Oise ? D\u00e9couvrez les pr\u00e9visions \u00e0 Beauvais, Compi\u00e8gne, Creil et Chantilly : entre averses, \u00e9claircies de mardi et temp\u00e9ratures printani\u00e8res jusqu&#039;\u00e0 19\u00b0C.\" \/>\n<meta property=\"og:url\" content=\"https:\/\/happynessradio.fr\/oise\/articles\/oise-alternance-de-nuages-et-soleil-et-pluie-pour-cette-semaine\/\" \/>\n<meta property=\"og:site_name\" content=\"Happyness Oise\" \/>\n<meta property=\"article:published_time\" content=\"2026-04-12T13:00:00+00:00\" \/>\n<meta property=\"og:image\" content=\"https:\/\/happynessradio.fr\/oise\/wp-content\/uploads\/sites\/2\/2026\/03\/MockUp-Visuels-articles-5-1.webp\" \/>\n\t<meta property=\"og:image:width\" content=\"1083\" \/>\n\t<meta property=\"og:image:height\" content=\"486\" \/>\n\t<meta property=\"og:image:type\" content=\"image\/webp\" \/>\n<meta name=\"author\" content=\"Lo\u00efc Dun\" \/>\n<meta name=\"twitter:card\" content=\"summary_large_image\" \/>\n<meta name=\"twitter:label1\" content=\"\u00c9crit par\" \/>\n\t<meta name=\"twitter:data1\" content=\"Lo\u00efc Dun\" \/>\n\t<meta name=\"twitter:label2\" content=\"Dur\u00e9e de lecture estim\u00e9e\" \/>\n\t<meta name=\"twitter:data2\" content=\"2 minutes\" \/>\n<script type=\"application\/ld+json\" class=\"yoast-schema-graph\">{\"@context\":\"https:\\\/\\\/schema.org\",\"@graph\":[{\"@type\":\"Article\",\"@id\":\"https:\\\/\\\/happynessradio.fr\\\/oise\\\/articles\\\/oise-alternance-de-nuages-et-soleil-et-pluie-pour-cette-semaine\\\/#article\",\"isPartOf\":{\"@id\":\"https:\\\/\\\/happynessradio.fr\\\/oise\\\/articles\\\/oise-alternance-de-nuages-et-soleil-et-pluie-pour-cette-semaine\\\/\"},\"author\":{\"name\":\"Lo\u00efc Dun\",\"@id\":\"https:\\\/\\\/happynessradio.fr\\\/oise\\\/#\\\/schema\\\/person\\\/735f1a1ba15f9478beb4249ad52f7252\"},\"headline\":\"Oise : Alternance de nuages et soleil et pluie pour cette semaine\",\"datePublished\":\"2026-04-12T13:00:00+00:00\",\"mainEntityOfPage\":{\"@id\":\"https:\\\/\\\/happynessradio.fr\\\/oise\\\/articles\\\/oise-alternance-de-nuages-et-soleil-et-pluie-pour-cette-semaine\\\/\"},\"wordCount\":383,\"commentCount\":0,\"image\":{\"@id\":\"https:\\\/\\\/happynessradio.fr\\\/oise\\\/articles\\\/oise-alternance-de-nuages-et-soleil-et-pluie-pour-cette-semaine\\\/#primaryimage\"},\"thumbnailUrl\":\"https:\\\/\\\/happynessradio.fr\\\/oise\\\/wp-content\\\/uploads\\\/sites\\\/2\\\/2026\\\/03\\\/MockUp-Visuels-articles-5-1.webp\",\"articleSection\":[\"Oise\"],\"inLanguage\":\"fr-FR\",\"potentialAction\":[{\"@type\":\"CommentAction\",\"name\":\"Comment\",\"target\":[\"https:\\\/\\\/happynessradio.fr\\\/oise\\\/articles\\\/oise-alternance-de-nuages-et-soleil-et-pluie-pour-cette-semaine\\\/#respond\"]}]},{\"@type\":\"WebPage\",\"@id\":\"https:\\\/\\\/happynessradio.fr\\\/oise\\\/articles\\\/oise-alternance-de-nuages-et-soleil-et-pluie-pour-cette-semaine\\\/\",\"url\":\"https:\\\/\\\/happynessradio.fr\\\/oise\\\/articles\\\/oise-alternance-de-nuages-et-soleil-et-pluie-pour-cette-semaine\\\/\",\"name\":\"Oise : Alternance de nuages et soleil et pluie pour cette semaine - Happyness Oise\",\"isPartOf\":{\"@id\":\"https:\\\/\\\/happynessradio.fr\\\/oise\\\/#website\"},\"primaryImageOfPage\":{\"@id\":\"https:\\\/\\\/happynessradio.fr\\\/oise\\\/articles\\\/oise-alternance-de-nuages-et-soleil-et-pluie-pour-cette-semaine\\\/#primaryimage\"},\"image\":{\"@id\":\"https:\\\/\\\/happynessradio.fr\\\/oise\\\/articles\\\/oise-alternance-de-nuages-et-soleil-et-pluie-pour-cette-semaine\\\/#primaryimage\"},\"thumbnailUrl\":\"https:\\\/\\\/happynessradio.fr\\\/oise\\\/wp-content\\\/uploads\\\/sites\\\/2\\\/2026\\\/03\\\/MockUp-Visuels-articles-5-1.webp\",\"datePublished\":\"2026-04-12T13:00:00+00:00\",\"author\":{\"@id\":\"https:\\\/\\\/happynessradio.fr\\\/oise\\\/#\\\/schema\\\/person\\\/735f1a1ba15f9478beb4249ad52f7252\"},\"description\":\"Quel temps pour cette premi\u00e8re semaine des vacances de P\u00e2ques dans l'Oise ? D\u00e9couvrez les pr\u00e9visions \u00e0 Beauvais, Compi\u00e8gne, Creil et Chantilly : entre averses, \u00e9claircies de mardi et temp\u00e9ratures printani\u00e8res jusqu'\u00e0 19\u00b0C.\",\"breadcrumb\":{\"@id\":\"https:\\\/\\\/happynessradio.fr\\\/oise\\\/articles\\\/oise-alternance-de-nuages-et-soleil-et-pluie-pour-cette-semaine\\\/#breadcrumb\"},\"inLanguage\":\"fr-FR\",\"potentialAction\":[{\"@type\":\"ReadAction\",\"target\":[\"https:\\\/\\\/happynessradio.fr\\\/oise\\\/articles\\\/oise-alternance-de-nuages-et-soleil-et-pluie-pour-cette-semaine\\\/\"]}]},{\"@type\":\"ImageObject\",\"inLanguage\":\"fr-FR\",\"@id\":\"https:\\\/\\\/happynessradio.fr\\\/oise\\\/articles\\\/oise-alternance-de-nuages-et-soleil-et-pluie-pour-cette-semaine\\\/#primaryimage\",\"url\":\"https:\\\/\\\/happynessradio.fr\\\/oise\\\/wp-content\\\/uploads\\\/sites\\\/2\\\/2026\\\/03\\\/MockUp-Visuels-articles-5-1.webp\",\"contentUrl\":\"https:\\\/\\\/happynessradio.fr\\\/oise\\\/wp-content\\\/uploads\\\/sites\\\/2\\\/2026\\\/03\\\/MockUp-Visuels-articles-5-1.webp\",\"width\":1083,\"height\":486,\"caption\":\"Un plan moyen d'un ciel couvert d'\u00e9pais nuages gris textur\u00e9s, \u00e9voquant un temps orageux. L'image est encadr\u00e9e par deux formes g\u00e9om\u00e9triques rouges unies : un triangle pointant vers le bas dans le coin sup\u00e9rieur gauche et une forme en pointe dans le coin inf\u00e9rieur droit.\"},{\"@type\":\"BreadcrumbList\",\"@id\":\"https:\\\/\\\/happynessradio.fr\\\/oise\\\/articles\\\/oise-alternance-de-nuages-et-soleil-et-pluie-pour-cette-semaine\\\/#breadcrumb\",\"itemListElement\":[{\"@type\":\"ListItem\",\"position\":1,\"name\":\"Accueil\",\"item\":\"https:\\\/\\\/happynessradio.fr\\\/oise\\\/\"},{\"@type\":\"ListItem\",\"position\":2,\"name\":\"Oise : Alternance de nuages et soleil et pluie pour cette semaine\"}]},{\"@type\":\"WebSite\",\"@id\":\"https:\\\/\\\/happynessradio.fr\\\/oise\\\/#website\",\"url\":\"https:\\\/\\\/happynessradio.fr\\\/oise\\\/\",\"name\":\"Happyness Oise\",\"description\":\"Toujours au plus proche de vous\",\"potentialAction\":[{\"@type\":\"SearchAction\",\"target\":{\"@type\":\"EntryPoint\",\"urlTemplate\":\"https:\\\/\\\/happynessradio.fr\\\/oise\\\/?s={search_term_string}\"},\"query-input\":{\"@type\":\"PropertyValueSpecification\",\"valueRequired\":true,\"valueName\":\"search_term_string\"}}],\"inLanguage\":\"fr-FR\"},{\"@type\":\"Person\",\"@id\":\"https:\\\/\\\/happynessradio.fr\\\/oise\\\/#\\\/schema\\\/person\\\/735f1a1ba15f9478beb4249ad52f7252\",\"name\":\"Lo\u00efc Dun\",\"image\":{\"@type\":\"ImageObject\",\"inLanguage\":\"fr-FR\",\"@id\":\"https:\\\/\\\/happynessradio.fr\\\/amiens\\\/wp-content\\\/uploads\\\/sites\\\/3\\\/2025\\\/12\\\/cropped-Portrait-Loic-25-26-96x96.webp\",\"url\":\"https:\\\/\\\/happynessradio.fr\\\/amiens\\\/wp-content\\\/uploads\\\/sites\\\/3\\\/2025\\\/12\\\/cropped-Portrait-Loic-25-26-96x96.webp\",\"contentUrl\":\"https:\\\/\\\/happynessradio.fr\\\/amiens\\\/wp-content\\\/uploads\\\/sites\\\/3\\\/2025\\\/12\\\/cropped-Portrait-Loic-25-26-96x96.webp\",\"caption\":\"Lo\u00efc Dun\"},\"description\":\"R\u00e9dacteur web Happyness. Co-animateur (chroniqueur) Quoi d'neuf ? Amiens Chroniqueur Le R\u00e9veil Happyness\",\"sameAs\":[\"https:\\\/\\\/www.instagram.com\\\/lolo80radio\\\/\",\"https:\\\/\\\/www.linkedin.com\\\/in\\\/loc-d-365960164\\\/\"],\"url\":\"https:\\\/\\\/happynessradio.fr\\\/oise\\\/articles\\\/author\\\/loicdun\\\/\"}]}<\/script>\n<!-- \/ Yoast SEO plugin. -->","yoast_head_json":{"title":"Oise : Alternance de nuages et soleil et pluie pour cette semaine - Happyness Oise","description":"Quel temps pour cette premi\u00e8re semaine des vacances de P\u00e2ques dans l'Oise ? D\u00e9couvrez les pr\u00e9visions \u00e0 Beauvais, Compi\u00e8gne, Creil et Chantilly : entre averses, \u00e9claircies de mardi et temp\u00e9ratures printani\u00e8res jusqu'\u00e0 19\u00b0C.","robots":{"index":"index","follow":"follow","max-snippet":"max-snippet:-1","max-image-preview":"max-image-preview:large","max-video-preview":"max-video-preview:-1"},"canonical":"https:\/\/happynessradio.fr\/oise\/articles\/oise-alternance-de-nuages-et-soleil-et-pluie-pour-cette-semaine\/","og_locale":"fr_FR","og_type":"article","og_title":"Oise : Alternance de nuages et soleil et pluie pour cette semaine - Happyness Oise","og_description":"Quel temps pour cette premi\u00e8re semaine des vacances de P\u00e2ques dans l'Oise ? D\u00e9couvrez les pr\u00e9visions \u00e0 Beauvais, Compi\u00e8gne, Creil et Chantilly : entre averses, \u00e9claircies de mardi et temp\u00e9ratures printani\u00e8res jusqu'\u00e0 19\u00b0C.","og_url":"https:\/\/happynessradio.fr\/oise\/articles\/oise-alternance-de-nuages-et-soleil-et-pluie-pour-cette-semaine\/","og_site_name":"Happyness Oise","article_published_time":"2026-04-12T13:00:00+00:00","og_image":[{"width":1083,"height":486,"url":"https:\/\/happynessradio.fr\/oise\/wp-content\/uploads\/sites\/2\/2026\/03\/MockUp-Visuels-articles-5-1.webp","type":"image\/webp"}],"author":"Lo\u00efc Dun","twitter_card":"summary_large_image","twitter_misc":{"\u00c9crit par":"Lo\u00efc Dun","Dur\u00e9e de lecture estim\u00e9e":"2 minutes"},"schema":{"@context":"https:\/\/schema.org","@graph":[{"@type":"Article","@id":"https:\/\/happynessradio.fr\/oise\/articles\/oise-alternance-de-nuages-et-soleil-et-pluie-pour-cette-semaine\/#article","isPartOf":{"@id":"https:\/\/happynessradio.fr\/oise\/articles\/oise-alternance-de-nuages-et-soleil-et-pluie-pour-cette-semaine\/"},"author":{"name":"Lo\u00efc Dun","@id":"https:\/\/happynessradio.fr\/oise\/#\/schema\/person\/735f1a1ba15f9478beb4249ad52f7252"},"headline":"Oise : Alternance de nuages et soleil et pluie pour cette semaine","datePublished":"2026-04-12T13:00:00+00:00","mainEntityOfPage":{"@id":"https:\/\/happynessradio.fr\/oise\/articles\/oise-alternance-de-nuages-et-soleil-et-pluie-pour-cette-semaine\/"},"wordCount":383,"commentCount":0,"image":{"@id":"https:\/\/happynessradio.fr\/oise\/articles\/oise-alternance-de-nuages-et-soleil-et-pluie-pour-cette-semaine\/#primaryimage"},"thumbnailUrl":"https:\/\/happynessradio.fr\/oise\/wp-content\/uploads\/sites\/2\/2026\/03\/MockUp-Visuels-articles-5-1.webp","articleSection":["Oise"],"inLanguage":"fr-FR","potentialAction":[{"@type":"CommentAction","name":"Comment","target":["https:\/\/happynessradio.fr\/oise\/articles\/oise-alternance-de-nuages-et-soleil-et-pluie-pour-cette-semaine\/#respond"]}]},{"@type":"WebPage","@id":"https:\/\/happynessradio.fr\/oise\/articles\/oise-alternance-de-nuages-et-soleil-et-pluie-pour-cette-semaine\/","url":"https:\/\/happynessradio.fr\/oise\/articles\/oise-alternance-de-nuages-et-soleil-et-pluie-pour-cette-semaine\/","name":"Oise : Alternance de nuages et soleil et pluie pour cette semaine - Happyness Oise","isPartOf":{"@id":"https:\/\/happynessradio.fr\/oise\/#website"},"primaryImageOfPage":{"@id":"https:\/\/happynessradio.fr\/oise\/articles\/oise-alternance-de-nuages-et-soleil-et-pluie-pour-cette-semaine\/#primaryimage"},"image":{"@id":"https:\/\/happynessradio.fr\/oise\/articles\/oise-alternance-de-nuages-et-soleil-et-pluie-pour-cette-semaine\/#primaryimage"},"thumbnailUrl":"https:\/\/happynessradio.fr\/oise\/wp-content\/uploads\/sites\/2\/2026\/03\/MockUp-Visuels-articles-5-1.webp","datePublished":"2026-04-12T13:00:00+00:00","author":{"@id":"https:\/\/happynessradio.fr\/oise\/#\/schema\/person\/735f1a1ba15f9478beb4249ad52f7252"},"description":"Quel temps pour cette premi\u00e8re semaine des vacances de P\u00e2ques dans l'Oise ? D\u00e9couvrez les pr\u00e9visions \u00e0 Beauvais, Compi\u00e8gne, Creil et Chantilly : entre averses, \u00e9claircies de mardi et temp\u00e9ratures printani\u00e8res jusqu'\u00e0 19\u00b0C.","breadcrumb":{"@id":"https:\/\/happynessradio.fr\/oise\/articles\/oise-alternance-de-nuages-et-soleil-et-pluie-pour-cette-semaine\/#breadcrumb"},"inLanguage":"fr-FR","potentialAction":[{"@type":"ReadAction","target":["https:\/\/happynessradio.fr\/oise\/articles\/oise-alternance-de-nuages-et-soleil-et-pluie-pour-cette-semaine\/"]}]},{"@type":"ImageObject","inLanguage":"fr-FR","@id":"https:\/\/happynessradio.fr\/oise\/articles\/oise-alternance-de-nuages-et-soleil-et-pluie-pour-cette-semaine\/#primaryimage","url":"https:\/\/happynessradio.fr\/oise\/wp-content\/uploads\/sites\/2\/2026\/03\/MockUp-Visuels-articles-5-1.webp","contentUrl":"https:\/\/happynessradio.fr\/oise\/wp-content\/uploads\/sites\/2\/2026\/03\/MockUp-Visuels-articles-5-1.webp","width":1083,"height":486,"caption":"Un plan moyen d'un ciel couvert d'\u00e9pais nuages gris textur\u00e9s, \u00e9voquant un temps orageux. L'image est encadr\u00e9e par deux formes g\u00e9om\u00e9triques rouges unies : un triangle pointant vers le bas dans le coin sup\u00e9rieur gauche et une forme en pointe dans le coin inf\u00e9rieur droit."},{"@type":"BreadcrumbList","@id":"https:\/\/happynessradio.fr\/oise\/articles\/oise-alternance-de-nuages-et-soleil-et-pluie-pour-cette-semaine\/#breadcrumb","itemListElement":[{"@type":"ListItem","position":1,"name":"Accueil","item":"https:\/\/happynessradio.fr\/oise\/"},{"@type":"ListItem","position":2,"name":"Oise : Alternance de nuages et soleil et pluie pour cette semaine"}]},{"@type":"WebSite","@id":"https:\/\/happynessradio.fr\/oise\/#website","url":"https:\/\/happynessradio.fr\/oise\/","name":"Happyness Oise","description":"Toujours au plus proche de vous","potentialAction":[{"@type":"SearchAction","target":{"@type":"EntryPoint","urlTemplate":"https:\/\/happynessradio.fr\/oise\/?s={search_term_string}"},"query-input":{"@type":"PropertyValueSpecification","valueRequired":true,"valueName":"search_term_string"}}],"inLanguage":"fr-FR"},{"@type":"Person","@id":"https:\/\/happynessradio.fr\/oise\/#\/schema\/person\/735f1a1ba15f9478beb4249ad52f7252","name":"Lo\u00efc Dun","image":{"@type":"ImageObject","inLanguage":"fr-FR","@id":"https:\/\/happynessradio.fr\/amiens\/wp-content\/uploads\/sites\/3\/2025\/12\/cropped-Portrait-Loic-25-26-96x96.webp","url":"https:\/\/happynessradio.fr\/amiens\/wp-content\/uploads\/sites\/3\/2025\/12\/cropped-Portrait-Loic-25-26-96x96.webp","contentUrl":"https:\/\/happynessradio.fr\/amiens\/wp-content\/uploads\/sites\/3\/2025\/12\/cropped-Portrait-Loic-25-26-96x96.webp","caption":"Lo\u00efc Dun"},"description":"R\u00e9dacteur web Happyness. Co-animateur (chroniqueur) Quoi d'neuf ? Amiens Chroniqueur Le R\u00e9veil Happyness","sameAs":["https:\/\/www.instagram.com\/lolo80radio\/","https:\/\/www.linkedin.com\/in\/loc-d-365960164\/"],"url":"https:\/\/happynessradio.fr\/oise\/articles\/author\/loicdun\/"}]}},"modified_by":"Lo\u00efc Dun","_links":{"self":[{"href":"https:\/\/happynessradio.fr\/oise\/wp-json\/wp\/v2\/posts\/12571","targetHints":{"allow":["GET"]}}],"collection":[{"href":"https:\/\/happynessradio.fr\/oise\/wp-json\/wp\/v2\/posts"}],"about":[{"href":"https:\/\/happynessradio.fr\/oise\/wp-json\/wp\/v2\/types\/post"}],"author":[{"embeddable":true,"href":"https:\/\/happynessradio.fr\/oise\/wp-json\/wp\/v2\/users\/6"}],"replies":[{"embeddable":true,"href":"https:\/\/happynessradio.fr\/oise\/wp-json\/wp\/v2\/comments?post=12571"}],"version-history":[{"count":1,"href":"https:\/\/happynessradio.fr\/oise\/wp-json\/wp\/v2\/posts\/12571\/revisions"}],"predecessor-version":[{"id":12572,"href":"https:\/\/happynessradio.fr\/oise\/wp-json\/wp\/v2\/posts\/12571\/revisions\/12572"}],"wp:featuredmedia":[{"embeddable":true,"href":"https:\/\/happynessradio.fr\/oise\/wp-json\/wp\/v2\/media\/12321"}],"wp:attachment":[{"href":"https:\/\/happynessradio.fr\/oise\/wp-json\/wp\/v2\/media?parent=12571"}],"wp:term":[{"taxonomy":"category","embeddable":true,"href":"https:\/\/happynessradio.fr\/oise\/wp-json\/wp\/v2\/categories?post=12571"},{"taxonomy":"post_tag","embeddable":true,"href":"https:\/\/happynessradio.fr\/oise\/wp-json\/wp\/v2\/tags?post=12571"}],"curies":[{"name":"wp","href":"https:\/\/api.w.org\/{rel}","templated":true}]}}