{"id":12574,"date":"2026-04-12T15:42:48","date_gmt":"2026-04-12T13:42:48","guid":{"rendered":"https:\/\/happynessradio.fr\/oise\/?p=12574"},"modified":"2026-04-12T15:42:50","modified_gmt":"2026-04-12T13:42:50","slug":"beauvais-les-nuits-du-metal-cest-bientot","status":"publish","type":"post","link":"https:\/\/happynessradio.fr\/oise\/articles\/beauvais-les-nuits-du-metal-cest-bientot\/","title":{"rendered":"Beauvais : Les Nuits du m\u00e9tal c&rsquo;est bient\u00f4t !"},"content":{"rendered":"\n<p><em>Les Nuits du m\u00e9tal, c&rsquo;est du 17 et 18 avril Auditorium Rostropovitch de Beauvais. Une organisation de l&rsquo;association ASCA en partenariat avec l&rsquo;enseigne Cultura en pr\u00e9sence sur sc\u00e8ne de nombreux groupes. Cette ann\u00e9e, Lucas Fox (co-fondateur de Mot\u00f6rhead) est l&rsquo;invit\u00e9 sp\u00e9cial.<\/em><\/p>\n\n\n\n<h2 class=\"wp-block-heading\">Pr\u00e9sence de plusieurs groupes<\/h2>\n\n\n\n<p>l&rsquo;association ASCA en partenariat avec l&rsquo;enseigne <a href=\"https:\/\/www.cultura.com\/\" id=\"https:\/\/www.cultura.com\/\">Cultura<\/a> organise les 17 et 18 avril, un \u00e9v\u00e9nement \u00e0 ne pas manquer, autrement dit, l&rsquo;\u00e9v\u00e9nement  <a href=\"https:\/\/oise.fr\/information\/agenda\/nuits-du-metal-1-123277\" id=\"https:\/\/oise.fr\/information\/agenda\/nuits-du-metal-1-123277\">Les nuits du m\u00e9tal<\/a> au c\u0153ur de l&rsquo;Auditorium Rostropovitch de Beauvais en pr\u00e9sence des groupes \u00a0Lascaux, M.A.C.H.Os, Polyghon, Ar\u00e8s, Progress et The Freedom of Speech. <\/p>\n\n\n\n<h2 class=\"wp-block-heading\">Une s\u00e9ance de d\u00e9dicaces<\/h2>\n\n\n\n<p>Les concerts d\u00e9buteront \u00e0 partir de 20h30 avec une s\u00e9ance de d\u00e9dicaces de l&rsquo;invit\u00e9 sp\u00e9cial de cette \u00e9dition, en l&rsquo;occurrence\u00a0Lucas Fox (co-fondateur de Mot\u00f6rhead) qui se d\u00e9roulera le samedi apr\u00e8s-midi \u00e0 14 h au magasin Cultura, <strong>\u00a0<\/strong><a href=\"https:\/\/www.google.com\/maps\/place\/\/data=!4m2!3m1!1s0x47e7017c0840c785:0x14210332e4efdaf7?sa=X&amp;ved=1t:8290&amp;ictx=111\">2 avenue Descartes<\/a> \u00e0 Beauvais dans le cadre de son livre \u201c<a href=\"https:\/\/www.cultura.com\/p-motorhead-in-and-out-9782701404530.html\" id=\"https:\/\/www.cultura.com\/p-motorhead-in-and-out-9782701404530.html\">Mot\u00f6rhead In and Out<\/a>\u201d.<\/p>\n\n\n\n<h2 class=\"wp-block-heading\">Les infos pratiques <\/h2>\n\n\n\n<p>Concernant le tarif, c&rsquo;est 10 euros la soir\u00e9e avec r\u00e9servation possible via le site de <a href=\"https:\/\/www.asca-asso.com\/\">ASCA &#8211; L\u2019Association Culturelle Argentine \u00e0 Beauvais<\/a>. Pour s&rsquo;y rendre, <a href=\"https:\/\/www.parkopedia.fr\/parking\/parc_de_stationnement\/verdun\/60000\/beauvais\/?arriving=202604121600&amp;leaving=202604121800\" id=\"https:\/\/www.parkopedia.fr\/parking\/parc_de_stationnement\/verdun\/60000\/beauvais\/?arriving=202604121600&amp;leaving=202604121800\">le parking Verdun<\/a> se trouve  \u00e0 proximit\u00e9 mais il est possible d&#8217;emprunter le <a href=\"https:\/\/www.corolis.fr\/\" id=\"https:\/\/www.corolis.fr\/\">r\u00e9seau de bus<\/a> et descendre \u00e0 l&rsquo;arr\u00eat F\u00e9lix Faure ou Buzanval. <\/p>\n\n\n\n<p><br><br><\/p>\n","protected":false},"excerpt":{"rendered":"<p>Les Nuits du m\u00e9tal, c&rsquo;est du 17 et 18 avril Auditorium Rostropovitch de Beauvais. Une organisation de l&rsquo;association ASCA en partenariat avec l&rsquo;enseigne Cultura en pr\u00e9sence sur sc\u00e8ne de nombreux groupes. Cette ann\u00e9e, Lucas Fox (co-fondateur de Mot\u00f6rhead) est l&rsquo;invit\u00e9 sp\u00e9cial. Pr\u00e9sence de plusieurs groupes l&rsquo;association ASCA en partenariat avec l&rsquo;enseigne Cultura organise les 17 et 18 avril, un \u00e9v\u00e9nement \u00e0 ne pas manquer, autrement dit, l&rsquo;\u00e9v\u00e9nement Les nuits du m\u00e9tal au c\u0153ur de l&rsquo;Auditorium Rostropovitch de Beauvais en pr\u00e9sence des groupes \u00a0Lascaux, M.A.C.H.Os, Polyghon, Ar\u00e8s, Progress et The Freedom of Speech. Une s\u00e9ance de d\u00e9dicaces Les concerts d\u00e9buteront \u00e0 partir de 20h30 avec une s\u00e9ance de d\u00e9dicaces de l&rsquo;invit\u00e9 sp\u00e9cial de cette \u00e9dition, en l&rsquo;occurrence\u00a0Lucas Fox (co-fondateur de Mot\u00f6rhead) qui se d\u00e9roulera le samedi apr\u00e8s-midi \u00e0 14 h au magasin Cultura, \u00a02 avenue Descartes \u00e0 Beauvais dans le cadre de son livre \u201cMot\u00f6rhead In and Out\u201d. Les infos pratiques Concernant le tarif, c&rsquo;est 10 euros la soir\u00e9e avec r\u00e9servation possible via le site de ASCA &#8211; L\u2019Association Culturelle Argentine \u00e0 Beauvais. Pour s&rsquo;y rendre, le parking Verdun se trouve \u00e0 proximit\u00e9 mais il est possible d&#8217;emprunter le r\u00e9seau de bus et descendre \u00e0 l&rsquo;arr\u00eat F\u00e9lix Faure ou Buzanval.<\/p>\n","protected":false},"author":6,"featured_media":12575,"comment_status":"open","ping_status":"open","sticky":false,"template":"","format":"standard","meta":{"_lmt_disableupdate":"","_lmt_disable":"","footnotes":""},"categories":[8],"tags":[],"class_list":["post-12574","post","type-post","status-publish","format-standard","has-post-thumbnail","hentry","category-oise"],"yoast_head":"<!-- This site is optimized with the Yoast SEO plugin v27.5 - https:\/\/yoast.com\/product\/yoast-seo-wordpress\/ -->\n<title>Beauvais : Les Nuits du m\u00e9tal c&#039;est bient\u00f4t ! - Happyness Oise<\/title>\n<meta name=\"robots\" content=\"index, follow, max-snippet:-1, max-image-preview:large, max-video-preview:-1\" \/>\n<link rel=\"canonical\" href=\"https:\/\/happynessradio.fr\/oise\/articles\/beauvais-les-nuits-du-metal-cest-bientot\/\" \/>\n<meta property=\"og:locale\" content=\"fr_FR\" \/>\n<meta property=\"og:type\" content=\"article\" \/>\n<meta property=\"og:title\" content=\"Beauvais : Les Nuits du m\u00e9tal c&#039;est bient\u00f4t ! - Happyness Oise\" \/>\n<meta property=\"og:description\" content=\"Les Nuits du m\u00e9tal, c&rsquo;est du 17 et 18 avril Auditorium Rostropovitch de Beauvais. Une organisation de l&rsquo;association ASCA en partenariat avec l&rsquo;enseigne Cultura en pr\u00e9sence sur sc\u00e8ne de nombreux groupes. Cette ann\u00e9e, Lucas Fox (co-fondateur de Mot\u00f6rhead) est l&rsquo;invit\u00e9 sp\u00e9cial. Pr\u00e9sence de plusieurs groupes l&rsquo;association ASCA en partenariat avec l&rsquo;enseigne Cultura organise les 17 et 18 avril, un \u00e9v\u00e9nement \u00e0 ne pas manquer, autrement dit, l&rsquo;\u00e9v\u00e9nement Les nuits du m\u00e9tal au c\u0153ur de l&rsquo;Auditorium Rostropovitch de Beauvais en pr\u00e9sence des groupes \u00a0Lascaux, M.A.C.H.Os, Polyghon, Ar\u00e8s, Progress et The Freedom of Speech. Une s\u00e9ance de d\u00e9dicaces Les concerts d\u00e9buteront \u00e0 partir de 20h30 avec une s\u00e9ance de d\u00e9dicaces de l&rsquo;invit\u00e9 sp\u00e9cial de cette \u00e9dition, en l&rsquo;occurrence\u00a0Lucas Fox (co-fondateur de Mot\u00f6rhead) qui se d\u00e9roulera le samedi apr\u00e8s-midi \u00e0 14 h au magasin Cultura, \u00a02 avenue Descartes \u00e0 Beauvais dans le cadre de son livre \u201cMot\u00f6rhead In and Out\u201d. Les infos pratiques Concernant le tarif, c&rsquo;est 10 euros la soir\u00e9e avec r\u00e9servation possible via le site de ASCA &#8211; L\u2019Association Culturelle Argentine \u00e0 Beauvais. Pour s&rsquo;y rendre, le parking Verdun se trouve \u00e0 proximit\u00e9 mais il est possible d&#8217;emprunter le r\u00e9seau de bus et descendre \u00e0 l&rsquo;arr\u00eat F\u00e9lix Faure ou Buzanval.\" \/>\n<meta property=\"og:url\" content=\"https:\/\/happynessradio.fr\/oise\/articles\/beauvais-les-nuits-du-metal-cest-bientot\/\" \/>\n<meta property=\"og:site_name\" content=\"Happyness Oise\" \/>\n<meta property=\"article:published_time\" content=\"2026-04-12T13:42:48+00:00\" \/>\n<meta property=\"article:modified_time\" content=\"2026-04-12T13:42:50+00:00\" \/>\n<meta property=\"og:image\" content=\"https:\/\/happynessradio.fr\/oise\/wp-content\/uploads\/sites\/2\/2026\/04\/MockUp-Visuels-articles-51.webp\" \/>\n\t<meta property=\"og:image:width\" content=\"1083\" \/>\n\t<meta property=\"og:image:height\" content=\"486\" \/>\n\t<meta property=\"og:image:type\" content=\"image\/webp\" \/>\n<meta name=\"author\" content=\"Lo\u00efc Dun\" \/>\n<meta name=\"twitter:card\" content=\"summary_large_image\" \/>\n<meta name=\"twitter:label1\" content=\"\u00c9crit par\" \/>\n\t<meta name=\"twitter:data1\" content=\"Lo\u00efc Dun\" \/>\n\t<meta name=\"twitter:label2\" content=\"Dur\u00e9e de lecture estim\u00e9e\" \/>\n\t<meta name=\"twitter:data2\" content=\"2 minutes\" \/>\n<script type=\"application\/ld+json\" class=\"yoast-schema-graph\">{\"@context\":\"https:\\\/\\\/schema.org\",\"@graph\":[{\"@type\":\"Article\",\"@id\":\"https:\\\/\\\/happynessradio.fr\\\/oise\\\/articles\\\/beauvais-les-nuits-du-metal-cest-bientot\\\/#article\",\"isPartOf\":{\"@id\":\"https:\\\/\\\/happynessradio.fr\\\/oise\\\/articles\\\/beauvais-les-nuits-du-metal-cest-bientot\\\/\"},\"author\":{\"name\":\"Lo\u00efc Dun\",\"@id\":\"https:\\\/\\\/happynessradio.fr\\\/oise\\\/#\\\/schema\\\/person\\\/735f1a1ba15f9478beb4249ad52f7252\"},\"headline\":\"Beauvais : Les Nuits du m\u00e9tal c&rsquo;est bient\u00f4t !\",\"datePublished\":\"2026-04-12T13:42:48+00:00\",\"dateModified\":\"2026-04-12T13:42:50+00:00\",\"mainEntityOfPage\":{\"@id\":\"https:\\\/\\\/happynessradio.fr\\\/oise\\\/articles\\\/beauvais-les-nuits-du-metal-cest-bientot\\\/\"},\"wordCount\":243,\"commentCount\":0,\"image\":{\"@id\":\"https:\\\/\\\/happynessradio.fr\\\/oise\\\/articles\\\/beauvais-les-nuits-du-metal-cest-bientot\\\/#primaryimage\"},\"thumbnailUrl\":\"https:\\\/\\\/happynessradio.fr\\\/oise\\\/wp-content\\\/uploads\\\/sites\\\/2\\\/2026\\\/04\\\/MockUp-Visuels-articles-51.webp\",\"articleSection\":[\"Oise\"],\"inLanguage\":\"fr-FR\",\"potentialAction\":[{\"@type\":\"CommentAction\",\"name\":\"Comment\",\"target\":[\"https:\\\/\\\/happynessradio.fr\\\/oise\\\/articles\\\/beauvais-les-nuits-du-metal-cest-bientot\\\/#respond\"]}]},{\"@type\":\"WebPage\",\"@id\":\"https:\\\/\\\/happynessradio.fr\\\/oise\\\/articles\\\/beauvais-les-nuits-du-metal-cest-bientot\\\/\",\"url\":\"https:\\\/\\\/happynessradio.fr\\\/oise\\\/articles\\\/beauvais-les-nuits-du-metal-cest-bientot\\\/\",\"name\":\"Beauvais : Les Nuits du m\u00e9tal c'est bient\u00f4t ! - Happyness Oise\",\"isPartOf\":{\"@id\":\"https:\\\/\\\/happynessradio.fr\\\/oise\\\/#website\"},\"primaryImageOfPage\":{\"@id\":\"https:\\\/\\\/happynessradio.fr\\\/oise\\\/articles\\\/beauvais-les-nuits-du-metal-cest-bientot\\\/#primaryimage\"},\"image\":{\"@id\":\"https:\\\/\\\/happynessradio.fr\\\/oise\\\/articles\\\/beauvais-les-nuits-du-metal-cest-bientot\\\/#primaryimage\"},\"thumbnailUrl\":\"https:\\\/\\\/happynessradio.fr\\\/oise\\\/wp-content\\\/uploads\\\/sites\\\/2\\\/2026\\\/04\\\/MockUp-Visuels-articles-51.webp\",\"datePublished\":\"2026-04-12T13:42:48+00:00\",\"dateModified\":\"2026-04-12T13:42:50+00:00\",\"author\":{\"@id\":\"https:\\\/\\\/happynessradio.fr\\\/oise\\\/#\\\/schema\\\/person\\\/735f1a1ba15f9478beb4249ad52f7252\"},\"breadcrumb\":{\"@id\":\"https:\\\/\\\/happynessradio.fr\\\/oise\\\/articles\\\/beauvais-les-nuits-du-metal-cest-bientot\\\/#breadcrumb\"},\"inLanguage\":\"fr-FR\",\"potentialAction\":[{\"@type\":\"ReadAction\",\"target\":[\"https:\\\/\\\/happynessradio.fr\\\/oise\\\/articles\\\/beauvais-les-nuits-du-metal-cest-bientot\\\/\"]}]},{\"@type\":\"ImageObject\",\"inLanguage\":\"fr-FR\",\"@id\":\"https:\\\/\\\/happynessradio.fr\\\/oise\\\/articles\\\/beauvais-les-nuits-du-metal-cest-bientot\\\/#primaryimage\",\"url\":\"https:\\\/\\\/happynessradio.fr\\\/oise\\\/wp-content\\\/uploads\\\/sites\\\/2\\\/2026\\\/04\\\/MockUp-Visuels-articles-51.webp\",\"contentUrl\":\"https:\\\/\\\/happynessradio.fr\\\/oise\\\/wp-content\\\/uploads\\\/sites\\\/2\\\/2026\\\/04\\\/MockUp-Visuels-articles-51.webp\",\"width\":1083,\"height\":486,\"caption\":\"Silhouette d'un chanteur de m\u00e9tal sur sc\u00e8ne micro \u00e0 la main, entour\u00e9 d'un guitariste et d'un bassiste, dans une ambiance de concert \u00e9nergique avec un \u00e9clairage orange chaud et de la fum\u00e9e de sc\u00e8ne.\"},{\"@type\":\"BreadcrumbList\",\"@id\":\"https:\\\/\\\/happynessradio.fr\\\/oise\\\/articles\\\/beauvais-les-nuits-du-metal-cest-bientot\\\/#breadcrumb\",\"itemListElement\":[{\"@type\":\"ListItem\",\"position\":1,\"name\":\"Accueil\",\"item\":\"https:\\\/\\\/happynessradio.fr\\\/oise\\\/\"},{\"@type\":\"ListItem\",\"position\":2,\"name\":\"Beauvais : Les Nuits du m\u00e9tal c&rsquo;est bient\u00f4t !\"}]},{\"@type\":\"WebSite\",\"@id\":\"https:\\\/\\\/happynessradio.fr\\\/oise\\\/#website\",\"url\":\"https:\\\/\\\/happynessradio.fr\\\/oise\\\/\",\"name\":\"Happyness Oise\",\"description\":\"Toujours au plus proche de vous\",\"potentialAction\":[{\"@type\":\"SearchAction\",\"target\":{\"@type\":\"EntryPoint\",\"urlTemplate\":\"https:\\\/\\\/happynessradio.fr\\\/oise\\\/?s={search_term_string}\"},\"query-input\":{\"@type\":\"PropertyValueSpecification\",\"valueRequired\":true,\"valueName\":\"search_term_string\"}}],\"inLanguage\":\"fr-FR\"},{\"@type\":\"Person\",\"@id\":\"https:\\\/\\\/happynessradio.fr\\\/oise\\\/#\\\/schema\\\/person\\\/735f1a1ba15f9478beb4249ad52f7252\",\"name\":\"Lo\u00efc Dun\",\"image\":{\"@type\":\"ImageObject\",\"inLanguage\":\"fr-FR\",\"@id\":\"https:\\\/\\\/happynessradio.fr\\\/amiens\\\/wp-content\\\/uploads\\\/sites\\\/3\\\/2025\\\/12\\\/cropped-Portrait-Loic-25-26-96x96.webp\",\"url\":\"https:\\\/\\\/happynessradio.fr\\\/amiens\\\/wp-content\\\/uploads\\\/sites\\\/3\\\/2025\\\/12\\\/cropped-Portrait-Loic-25-26-96x96.webp\",\"contentUrl\":\"https:\\\/\\\/happynessradio.fr\\\/amiens\\\/wp-content\\\/uploads\\\/sites\\\/3\\\/2025\\\/12\\\/cropped-Portrait-Loic-25-26-96x96.webp\",\"caption\":\"Lo\u00efc Dun\"},\"description\":\"R\u00e9dacteur web Happyness. Co-animateur (chroniqueur) Quoi d'neuf ? Amiens Chroniqueur Le R\u00e9veil Happyness\",\"sameAs\":[\"https:\\\/\\\/www.instagram.com\\\/lolo80radio\\\/\",\"https:\\\/\\\/www.linkedin.com\\\/in\\\/loc-d-365960164\\\/\"],\"url\":\"https:\\\/\\\/happynessradio.fr\\\/oise\\\/articles\\\/author\\\/loicdun\\\/\"}]}<\/script>\n<!-- \/ Yoast SEO plugin. -->","yoast_head_json":{"title":"Beauvais : Les Nuits du m\u00e9tal c'est bient\u00f4t ! - Happyness Oise","robots":{"index":"index","follow":"follow","max-snippet":"max-snippet:-1","max-image-preview":"max-image-preview:large","max-video-preview":"max-video-preview:-1"},"canonical":"https:\/\/happynessradio.fr\/oise\/articles\/beauvais-les-nuits-du-metal-cest-bientot\/","og_locale":"fr_FR","og_type":"article","og_title":"Beauvais : Les Nuits du m\u00e9tal c'est bient\u00f4t ! - Happyness Oise","og_description":"Les Nuits du m\u00e9tal, c&rsquo;est du 17 et 18 avril Auditorium Rostropovitch de Beauvais. Une organisation de l&rsquo;association ASCA en partenariat avec l&rsquo;enseigne Cultura en pr\u00e9sence sur sc\u00e8ne de nombreux groupes. Cette ann\u00e9e, Lucas Fox (co-fondateur de Mot\u00f6rhead) est l&rsquo;invit\u00e9 sp\u00e9cial. Pr\u00e9sence de plusieurs groupes l&rsquo;association ASCA en partenariat avec l&rsquo;enseigne Cultura organise les 17 et 18 avril, un \u00e9v\u00e9nement \u00e0 ne pas manquer, autrement dit, l&rsquo;\u00e9v\u00e9nement Les nuits du m\u00e9tal au c\u0153ur de l&rsquo;Auditorium Rostropovitch de Beauvais en pr\u00e9sence des groupes \u00a0Lascaux, M.A.C.H.Os, Polyghon, Ar\u00e8s, Progress et The Freedom of Speech. Une s\u00e9ance de d\u00e9dicaces Les concerts d\u00e9buteront \u00e0 partir de 20h30 avec une s\u00e9ance de d\u00e9dicaces de l&rsquo;invit\u00e9 sp\u00e9cial de cette \u00e9dition, en l&rsquo;occurrence\u00a0Lucas Fox (co-fondateur de Mot\u00f6rhead) qui se d\u00e9roulera le samedi apr\u00e8s-midi \u00e0 14 h au magasin Cultura, \u00a02 avenue Descartes \u00e0 Beauvais dans le cadre de son livre \u201cMot\u00f6rhead In and Out\u201d. Les infos pratiques Concernant le tarif, c&rsquo;est 10 euros la soir\u00e9e avec r\u00e9servation possible via le site de ASCA &#8211; L\u2019Association Culturelle Argentine \u00e0 Beauvais. Pour s&rsquo;y rendre, le parking Verdun se trouve \u00e0 proximit\u00e9 mais il est possible d&#8217;emprunter le r\u00e9seau de bus et descendre \u00e0 l&rsquo;arr\u00eat F\u00e9lix Faure ou Buzanval.","og_url":"https:\/\/happynessradio.fr\/oise\/articles\/beauvais-les-nuits-du-metal-cest-bientot\/","og_site_name":"Happyness Oise","article_published_time":"2026-04-12T13:42:48+00:00","article_modified_time":"2026-04-12T13:42:50+00:00","og_image":[{"width":1083,"height":486,"url":"https:\/\/happynessradio.fr\/oise\/wp-content\/uploads\/sites\/2\/2026\/04\/MockUp-Visuels-articles-51.webp","type":"image\/webp"}],"author":"Lo\u00efc Dun","twitter_card":"summary_large_image","twitter_misc":{"\u00c9crit par":"Lo\u00efc Dun","Dur\u00e9e de lecture estim\u00e9e":"2 minutes"},"schema":{"@context":"https:\/\/schema.org","@graph":[{"@type":"Article","@id":"https:\/\/happynessradio.fr\/oise\/articles\/beauvais-les-nuits-du-metal-cest-bientot\/#article","isPartOf":{"@id":"https:\/\/happynessradio.fr\/oise\/articles\/beauvais-les-nuits-du-metal-cest-bientot\/"},"author":{"name":"Lo\u00efc Dun","@id":"https:\/\/happynessradio.fr\/oise\/#\/schema\/person\/735f1a1ba15f9478beb4249ad52f7252"},"headline":"Beauvais : Les Nuits du m\u00e9tal c&rsquo;est bient\u00f4t !","datePublished":"2026-04-12T13:42:48+00:00","dateModified":"2026-04-12T13:42:50+00:00","mainEntityOfPage":{"@id":"https:\/\/happynessradio.fr\/oise\/articles\/beauvais-les-nuits-du-metal-cest-bientot\/"},"wordCount":243,"commentCount":0,"image":{"@id":"https:\/\/happynessradio.fr\/oise\/articles\/beauvais-les-nuits-du-metal-cest-bientot\/#primaryimage"},"thumbnailUrl":"https:\/\/happynessradio.fr\/oise\/wp-content\/uploads\/sites\/2\/2026\/04\/MockUp-Visuels-articles-51.webp","articleSection":["Oise"],"inLanguage":"fr-FR","potentialAction":[{"@type":"CommentAction","name":"Comment","target":["https:\/\/happynessradio.fr\/oise\/articles\/beauvais-les-nuits-du-metal-cest-bientot\/#respond"]}]},{"@type":"WebPage","@id":"https:\/\/happynessradio.fr\/oise\/articles\/beauvais-les-nuits-du-metal-cest-bientot\/","url":"https:\/\/happynessradio.fr\/oise\/articles\/beauvais-les-nuits-du-metal-cest-bientot\/","name":"Beauvais : Les Nuits du m\u00e9tal c'est bient\u00f4t ! - Happyness Oise","isPartOf":{"@id":"https:\/\/happynessradio.fr\/oise\/#website"},"primaryImageOfPage":{"@id":"https:\/\/happynessradio.fr\/oise\/articles\/beauvais-les-nuits-du-metal-cest-bientot\/#primaryimage"},"image":{"@id":"https:\/\/happynessradio.fr\/oise\/articles\/beauvais-les-nuits-du-metal-cest-bientot\/#primaryimage"},"thumbnailUrl":"https:\/\/happynessradio.fr\/oise\/wp-content\/uploads\/sites\/2\/2026\/04\/MockUp-Visuels-articles-51.webp","datePublished":"2026-04-12T13:42:48+00:00","dateModified":"2026-04-12T13:42:50+00:00","author":{"@id":"https:\/\/happynessradio.fr\/oise\/#\/schema\/person\/735f1a1ba15f9478beb4249ad52f7252"},"breadcrumb":{"@id":"https:\/\/happynessradio.fr\/oise\/articles\/beauvais-les-nuits-du-metal-cest-bientot\/#breadcrumb"},"inLanguage":"fr-FR","potentialAction":[{"@type":"ReadAction","target":["https:\/\/happynessradio.fr\/oise\/articles\/beauvais-les-nuits-du-metal-cest-bientot\/"]}]},{"@type":"ImageObject","inLanguage":"fr-FR","@id":"https:\/\/happynessradio.fr\/oise\/articles\/beauvais-les-nuits-du-metal-cest-bientot\/#primaryimage","url":"https:\/\/happynessradio.fr\/oise\/wp-content\/uploads\/sites\/2\/2026\/04\/MockUp-Visuels-articles-51.webp","contentUrl":"https:\/\/happynessradio.fr\/oise\/wp-content\/uploads\/sites\/2\/2026\/04\/MockUp-Visuels-articles-51.webp","width":1083,"height":486,"caption":"Silhouette d'un chanteur de m\u00e9tal sur sc\u00e8ne micro \u00e0 la main, entour\u00e9 d'un guitariste et d'un bassiste, dans une ambiance de concert \u00e9nergique avec un \u00e9clairage orange chaud et de la fum\u00e9e de sc\u00e8ne."},{"@type":"BreadcrumbList","@id":"https:\/\/happynessradio.fr\/oise\/articles\/beauvais-les-nuits-du-metal-cest-bientot\/#breadcrumb","itemListElement":[{"@type":"ListItem","position":1,"name":"Accueil","item":"https:\/\/happynessradio.fr\/oise\/"},{"@type":"ListItem","position":2,"name":"Beauvais : Les Nuits du m\u00e9tal c&rsquo;est bient\u00f4t !"}]},{"@type":"WebSite","@id":"https:\/\/happynessradio.fr\/oise\/#website","url":"https:\/\/happynessradio.fr\/oise\/","name":"Happyness Oise","description":"Toujours au plus proche de vous","potentialAction":[{"@type":"SearchAction","target":{"@type":"EntryPoint","urlTemplate":"https:\/\/happynessradio.fr\/oise\/?s={search_term_string}"},"query-input":{"@type":"PropertyValueSpecification","valueRequired":true,"valueName":"search_term_string"}}],"inLanguage":"fr-FR"},{"@type":"Person","@id":"https:\/\/happynessradio.fr\/oise\/#\/schema\/person\/735f1a1ba15f9478beb4249ad52f7252","name":"Lo\u00efc Dun","image":{"@type":"ImageObject","inLanguage":"fr-FR","@id":"https:\/\/happynessradio.fr\/amiens\/wp-content\/uploads\/sites\/3\/2025\/12\/cropped-Portrait-Loic-25-26-96x96.webp","url":"https:\/\/happynessradio.fr\/amiens\/wp-content\/uploads\/sites\/3\/2025\/12\/cropped-Portrait-Loic-25-26-96x96.webp","contentUrl":"https:\/\/happynessradio.fr\/amiens\/wp-content\/uploads\/sites\/3\/2025\/12\/cropped-Portrait-Loic-25-26-96x96.webp","caption":"Lo\u00efc Dun"},"description":"R\u00e9dacteur web Happyness. Co-animateur (chroniqueur) Quoi d'neuf ? Amiens Chroniqueur Le R\u00e9veil Happyness","sameAs":["https:\/\/www.instagram.com\/lolo80radio\/","https:\/\/www.linkedin.com\/in\/loc-d-365960164\/"],"url":"https:\/\/happynessradio.fr\/oise\/articles\/author\/loicdun\/"}]}},"modified_by":"Lo\u00efc Dun","_links":{"self":[{"href":"https:\/\/happynessradio.fr\/oise\/wp-json\/wp\/v2\/posts\/12574","targetHints":{"allow":["GET"]}}],"collection":[{"href":"https:\/\/happynessradio.fr\/oise\/wp-json\/wp\/v2\/posts"}],"about":[{"href":"https:\/\/happynessradio.fr\/oise\/wp-json\/wp\/v2\/types\/post"}],"author":[{"embeddable":true,"href":"https:\/\/happynessradio.fr\/oise\/wp-json\/wp\/v2\/users\/6"}],"replies":[{"embeddable":true,"href":"https:\/\/happynessradio.fr\/oise\/wp-json\/wp\/v2\/comments?post=12574"}],"version-history":[{"count":1,"href":"https:\/\/happynessradio.fr\/oise\/wp-json\/wp\/v2\/posts\/12574\/revisions"}],"predecessor-version":[{"id":12576,"href":"https:\/\/happynessradio.fr\/oise\/wp-json\/wp\/v2\/posts\/12574\/revisions\/12576"}],"wp:featuredmedia":[{"embeddable":true,"href":"https:\/\/happynessradio.fr\/oise\/wp-json\/wp\/v2\/media\/12575"}],"wp:attachment":[{"href":"https:\/\/happynessradio.fr\/oise\/wp-json\/wp\/v2\/media?parent=12574"}],"wp:term":[{"taxonomy":"category","embeddable":true,"href":"https:\/\/happynessradio.fr\/oise\/wp-json\/wp\/v2\/categories?post=12574"},{"taxonomy":"post_tag","embeddable":true,"href":"https:\/\/happynessradio.fr\/oise\/wp-json\/wp\/v2\/tags?post=12574"}],"curies":[{"name":"wp","href":"https:\/\/api.w.org\/{rel}","templated":true}]}}