{"id":12577,"date":"2026-04-13T17:55:31","date_gmt":"2026-04-13T15:55:31","guid":{"rendered":"https:\/\/happynessradio.fr\/oise\/?p=12577"},"modified":"2026-04-13T17:55:32","modified_gmt":"2026-04-13T15:55:32","slug":"margny-les-compiegne-le-marche-de-lhistoire-cest-ce-weekend","status":"publish","type":"post","link":"https:\/\/happynessradio.fr\/oise\/articles\/margny-les-compiegne-le-marche-de-lhistoire-cest-ce-weekend\/","title":{"rendered":"Margny-l\u00e8s-Compi\u00e8gne : Le March\u00e9 de l&rsquo;Histoire, c&rsquo;est ce weekend !"},"content":{"rendered":"\n<p><em>Le March\u00e9 de l&rsquo;Histoire revient pour une 8\u00e8me \u00e9dition, Samedi 18 et dimanche 19 avril au Tigre, \u00e0 Margny-l\u00e8s-Compi\u00e8gne, De 10h00 \u00e0 18h00. Sur place, la pr\u00e9sence de plus de 250 exposants venus de 24 pays diff\u00e9rents. Dans cet article, on vous donne les infos pratiques. <\/em><\/p>\n\n\n\n<h2 class=\"wp-block-heading\">Plus de 250 exposants venus de 24 pays diff\u00e9rents<\/h2>\n\n\n\n<p>Le March\u00e9 de l&rsquo;Histoire revient pour une 8\u00e8me \u00e9dition, Samedi 18 et dimanche 19 avril<a href=\"https:\/\/www.letigre.fr\/\" id=\"https:\/\/www.letigre.fr\/\"> au Tigre<\/a>, \u00e0<a href=\"https:\/\/www.agglo-compiegne.fr\/office-de-tourisme\" id=\"https:\/\/www.agglo-compiegne.fr\/office-de-tourisme\"> Margny-l\u00e8s-Compi\u00e8gne<\/a>, De 10h00 \u00e0 18h00. Sur place, la pr\u00e9sence de plus de 250 exposants venus de 24 pays diff\u00e9rents. L&rsquo;occasion de faire un bon dans le temps, en l&rsquo;occurrence de la Pr\u00e9histoire au 20\u00e8me si\u00e8cle, en passant par le Moyen-\u00c2ge et le Premier Empire.<\/p>\n\n\n\n<h2 class=\"wp-block-heading\">Des armures, costumes d&rsquo;\u00e9poque mais pas seulement<\/h2>\n\n\n\n<p>On pourra y trouver des armures, costumes d&rsquo;\u00e9poque, bijoux, instruments de musique et saveurs culinaires anciennes. D&rsquo;ailleurs, il sera possible de se restaurer au c\u0153ur de cet \u00e9v\u00e9nement local \u00e0 ne surtout pas manquer.  Les amateurs d&rsquo;histoire seront sans nul doute sur un petit nuage. <\/p>\n\n\n\n<h2 class=\"wp-block-heading\">Comment y aller ? <\/h2>\n\n\n\n<p> Pour se rendre sur place, il est possible d&#8217;emprunter l&rsquo;autoroute A1 et se se garer sur le parking du p\u00f4le \u00e9v\u00e8nementiel ou bien utiliser le <a href=\"https:\/\/www.oise-mobilite.fr\/\" id=\"https:\/\/www.oise-mobilite.fr\/\">r\u00e9seau de bus de l&rsquo;agglom\u00e9ration<\/a> ou bien le r\u00e9seau<a href=\"https:\/\/www.ter.sncf.com\/hauts-de-france\" id=\"https:\/\/www.ter.sncf.com\/hauts-de-france\"> TER Hauts-de-France <\/a>en descendant \u00e0 la gare de Compi\u00e8gne.  <\/p>\n\n\n\n<p><\/p>\n","protected":false},"excerpt":{"rendered":"<p>Le March\u00e9 de l&rsquo;Histoire revient pour une 8\u00e8me \u00e9dition, Samedi 18 et dimanche 19 avril au Tigre, \u00e0 Margny-l\u00e8s-Compi\u00e8gne, De 10h00 \u00e0 18h00. Sur place, la pr\u00e9sence de plus de 250 exposants venus de 24 pays diff\u00e9rents. Dans cet article, on vous donne les infos pratiques. Plus de 250 exposants venus de 24 pays diff\u00e9rents Le March\u00e9 de l&rsquo;Histoire revient pour une 8\u00e8me \u00e9dition, Samedi 18 et dimanche 19 avril au Tigre, \u00e0 Margny-l\u00e8s-Compi\u00e8gne, De 10h00 \u00e0 18h00. Sur place, la pr\u00e9sence de plus de 250 exposants venus de 24 pays diff\u00e9rents. L&rsquo;occasion de faire un bon dans le temps, en l&rsquo;occurrence de la Pr\u00e9histoire au 20\u00e8me si\u00e8cle, en passant par le Moyen-\u00c2ge et le Premier Empire. Des armures, costumes d&rsquo;\u00e9poque mais pas seulement On pourra y trouver des armures, costumes d&rsquo;\u00e9poque, bijoux, instruments de musique et saveurs culinaires anciennes. D&rsquo;ailleurs, il sera possible de se restaurer au c\u0153ur de cet \u00e9v\u00e9nement local \u00e0 ne surtout pas manquer. Les amateurs d&rsquo;histoire seront sans nul doute sur un petit nuage. Comment y aller ? Pour se rendre sur place, il est possible d&#8217;emprunter l&rsquo;autoroute A1 et se se garer sur le parking du p\u00f4le \u00e9v\u00e8nementiel ou bien utiliser le r\u00e9seau de bus de l&rsquo;agglom\u00e9ration ou bien le r\u00e9seau TER Hauts-de-France en descendant \u00e0 la gare de Compi\u00e8gne.<\/p>\n","protected":false},"author":6,"featured_media":12578,"comment_status":"open","ping_status":"open","sticky":false,"template":"","format":"standard","meta":{"_lmt_disableupdate":"","_lmt_disable":"","footnotes":""},"categories":[8],"tags":[],"class_list":["post-12577","post","type-post","status-publish","format-standard","has-post-thumbnail","hentry","category-oise"],"yoast_head":"<!-- This site is optimized with the Yoast SEO plugin v27.5 - https:\/\/yoast.com\/product\/yoast-seo-wordpress\/ -->\n<title>Margny-l\u00e8s-Compi\u00e8gne : Le March\u00e9 de l&#039;Histoire, c&#039;est ce weekend ! - Happyness Oise<\/title>\n<meta name=\"description\" content=\"Ne manquez pas la 8\u00e8me \u00e9dition du March\u00e9 de l&#039;Histoire au Tigre (Margny-l\u00e8s-Compi\u00e8gne) les 18 et 19 avril. D\u00e9couvrez 250 exposants internationaux, des armures aux saveurs anciennes. Infos pratiques et acc\u00e8s ici !\" \/>\n<meta name=\"robots\" content=\"index, follow, max-snippet:-1, max-image-preview:large, max-video-preview:-1\" \/>\n<link rel=\"canonical\" href=\"https:\/\/happynessradio.fr\/oise\/articles\/margny-les-compiegne-le-marche-de-lhistoire-cest-ce-weekend\/\" \/>\n<meta property=\"og:locale\" content=\"fr_FR\" \/>\n<meta property=\"og:type\" content=\"article\" \/>\n<meta property=\"og:title\" content=\"Margny-l\u00e8s-Compi\u00e8gne : Le March\u00e9 de l&#039;Histoire, c&#039;est ce weekend ! - Happyness Oise\" \/>\n<meta property=\"og:description\" content=\"Ne manquez pas la 8\u00e8me \u00e9dition du March\u00e9 de l&#039;Histoire au Tigre (Margny-l\u00e8s-Compi\u00e8gne) les 18 et 19 avril. D\u00e9couvrez 250 exposants internationaux, des armures aux saveurs anciennes. Infos pratiques et acc\u00e8s ici !\" \/>\n<meta property=\"og:url\" content=\"https:\/\/happynessradio.fr\/oise\/articles\/margny-les-compiegne-le-marche-de-lhistoire-cest-ce-weekend\/\" \/>\n<meta property=\"og:site_name\" content=\"Happyness Oise\" \/>\n<meta property=\"article:published_time\" content=\"2026-04-13T15:55:31+00:00\" \/>\n<meta property=\"article:modified_time\" content=\"2026-04-13T15:55:32+00:00\" \/>\n<meta property=\"og:image\" content=\"https:\/\/happynessradio.fr\/oise\/wp-content\/uploads\/sites\/2\/2026\/04\/MockUp-Visuels-articles-52.webp\" \/>\n\t<meta property=\"og:image:width\" content=\"1083\" \/>\n\t<meta property=\"og:image:height\" content=\"486\" \/>\n\t<meta property=\"og:image:type\" content=\"image\/webp\" \/>\n<meta name=\"author\" content=\"Lo\u00efc Dun\" \/>\n<meta name=\"twitter:card\" content=\"summary_large_image\" \/>\n<meta name=\"twitter:label1\" content=\"\u00c9crit par\" \/>\n\t<meta name=\"twitter:data1\" content=\"Lo\u00efc Dun\" \/>\n\t<meta name=\"twitter:label2\" content=\"Dur\u00e9e de lecture estim\u00e9e\" \/>\n\t<meta name=\"twitter:data2\" content=\"2 minutes\" \/>\n<script type=\"application\/ld+json\" class=\"yoast-schema-graph\">{\"@context\":\"https:\\\/\\\/schema.org\",\"@graph\":[{\"@type\":\"Article\",\"@id\":\"https:\\\/\\\/happynessradio.fr\\\/oise\\\/articles\\\/margny-les-compiegne-le-marche-de-lhistoire-cest-ce-weekend\\\/#article\",\"isPartOf\":{\"@id\":\"https:\\\/\\\/happynessradio.fr\\\/oise\\\/articles\\\/margny-les-compiegne-le-marche-de-lhistoire-cest-ce-weekend\\\/\"},\"author\":{\"name\":\"Lo\u00efc Dun\",\"@id\":\"https:\\\/\\\/happynessradio.fr\\\/oise\\\/#\\\/schema\\\/person\\\/735f1a1ba15f9478beb4249ad52f7252\"},\"headline\":\"Margny-l\u00e8s-Compi\u00e8gne : Le March\u00e9 de l&rsquo;Histoire, c&rsquo;est ce weekend !\",\"datePublished\":\"2026-04-13T15:55:31+00:00\",\"dateModified\":\"2026-04-13T15:55:32+00:00\",\"mainEntityOfPage\":{\"@id\":\"https:\\\/\\\/happynessradio.fr\\\/oise\\\/articles\\\/margny-les-compiegne-le-marche-de-lhistoire-cest-ce-weekend\\\/\"},\"wordCount\":242,\"commentCount\":0,\"image\":{\"@id\":\"https:\\\/\\\/happynessradio.fr\\\/oise\\\/articles\\\/margny-les-compiegne-le-marche-de-lhistoire-cest-ce-weekend\\\/#primaryimage\"},\"thumbnailUrl\":\"https:\\\/\\\/happynessradio.fr\\\/oise\\\/wp-content\\\/uploads\\\/sites\\\/2\\\/2026\\\/04\\\/MockUp-Visuels-articles-52.webp\",\"articleSection\":[\"Oise\"],\"inLanguage\":\"fr-FR\",\"potentialAction\":[{\"@type\":\"CommentAction\",\"name\":\"Comment\",\"target\":[\"https:\\\/\\\/happynessradio.fr\\\/oise\\\/articles\\\/margny-les-compiegne-le-marche-de-lhistoire-cest-ce-weekend\\\/#respond\"]}]},{\"@type\":\"WebPage\",\"@id\":\"https:\\\/\\\/happynessradio.fr\\\/oise\\\/articles\\\/margny-les-compiegne-le-marche-de-lhistoire-cest-ce-weekend\\\/\",\"url\":\"https:\\\/\\\/happynessradio.fr\\\/oise\\\/articles\\\/margny-les-compiegne-le-marche-de-lhistoire-cest-ce-weekend\\\/\",\"name\":\"Margny-l\u00e8s-Compi\u00e8gne : Le March\u00e9 de l'Histoire, c'est ce weekend ! - Happyness Oise\",\"isPartOf\":{\"@id\":\"https:\\\/\\\/happynessradio.fr\\\/oise\\\/#website\"},\"primaryImageOfPage\":{\"@id\":\"https:\\\/\\\/happynessradio.fr\\\/oise\\\/articles\\\/margny-les-compiegne-le-marche-de-lhistoire-cest-ce-weekend\\\/#primaryimage\"},\"image\":{\"@id\":\"https:\\\/\\\/happynessradio.fr\\\/oise\\\/articles\\\/margny-les-compiegne-le-marche-de-lhistoire-cest-ce-weekend\\\/#primaryimage\"},\"thumbnailUrl\":\"https:\\\/\\\/happynessradio.fr\\\/oise\\\/wp-content\\\/uploads\\\/sites\\\/2\\\/2026\\\/04\\\/MockUp-Visuels-articles-52.webp\",\"datePublished\":\"2026-04-13T15:55:31+00:00\",\"dateModified\":\"2026-04-13T15:55:32+00:00\",\"author\":{\"@id\":\"https:\\\/\\\/happynessradio.fr\\\/oise\\\/#\\\/schema\\\/person\\\/735f1a1ba15f9478beb4249ad52f7252\"},\"description\":\"Ne manquez pas la 8\u00e8me \u00e9dition du March\u00e9 de l'Histoire au Tigre (Margny-l\u00e8s-Compi\u00e8gne) les 18 et 19 avril. D\u00e9couvrez 250 exposants internationaux, des armures aux saveurs anciennes. Infos pratiques et acc\u00e8s ici !\",\"breadcrumb\":{\"@id\":\"https:\\\/\\\/happynessradio.fr\\\/oise\\\/articles\\\/margny-les-compiegne-le-marche-de-lhistoire-cest-ce-weekend\\\/#breadcrumb\"},\"inLanguage\":\"fr-FR\",\"potentialAction\":[{\"@type\":\"ReadAction\",\"target\":[\"https:\\\/\\\/happynessradio.fr\\\/oise\\\/articles\\\/margny-les-compiegne-le-marche-de-lhistoire-cest-ce-weekend\\\/\"]}]},{\"@type\":\"ImageObject\",\"inLanguage\":\"fr-FR\",\"@id\":\"https:\\\/\\\/happynessradio.fr\\\/oise\\\/articles\\\/margny-les-compiegne-le-marche-de-lhistoire-cest-ce-weekend\\\/#primaryimage\",\"url\":\"https:\\\/\\\/happynessradio.fr\\\/oise\\\/wp-content\\\/uploads\\\/sites\\\/2\\\/2026\\\/04\\\/MockUp-Visuels-articles-52.webp\",\"contentUrl\":\"https:\\\/\\\/happynessradio.fr\\\/oise\\\/wp-content\\\/uploads\\\/sites\\\/2\\\/2026\\\/04\\\/MockUp-Visuels-articles-52.webp\",\"width\":1083,\"height\":486,\"caption\":\"Gros plan sur un heaume de chevalier en m\u00e9tal martel\u00e9, surmont\u00e9 d'une couronne dor\u00e9e orn\u00e9e de pierres sombres. L'image est encadr\u00e9e par deux formes g\u00e9om\u00e9triques rouges sur un fond noir.\"},{\"@type\":\"BreadcrumbList\",\"@id\":\"https:\\\/\\\/happynessradio.fr\\\/oise\\\/articles\\\/margny-les-compiegne-le-marche-de-lhistoire-cest-ce-weekend\\\/#breadcrumb\",\"itemListElement\":[{\"@type\":\"ListItem\",\"position\":1,\"name\":\"Accueil\",\"item\":\"https:\\\/\\\/happynessradio.fr\\\/oise\\\/\"},{\"@type\":\"ListItem\",\"position\":2,\"name\":\"Margny-l\u00e8s-Compi\u00e8gne : Le March\u00e9 de l&rsquo;Histoire, c&rsquo;est ce weekend !\"}]},{\"@type\":\"WebSite\",\"@id\":\"https:\\\/\\\/happynessradio.fr\\\/oise\\\/#website\",\"url\":\"https:\\\/\\\/happynessradio.fr\\\/oise\\\/\",\"name\":\"Happyness Oise\",\"description\":\"Toujours au plus proche de vous\",\"potentialAction\":[{\"@type\":\"SearchAction\",\"target\":{\"@type\":\"EntryPoint\",\"urlTemplate\":\"https:\\\/\\\/happynessradio.fr\\\/oise\\\/?s={search_term_string}\"},\"query-input\":{\"@type\":\"PropertyValueSpecification\",\"valueRequired\":true,\"valueName\":\"search_term_string\"}}],\"inLanguage\":\"fr-FR\"},{\"@type\":\"Person\",\"@id\":\"https:\\\/\\\/happynessradio.fr\\\/oise\\\/#\\\/schema\\\/person\\\/735f1a1ba15f9478beb4249ad52f7252\",\"name\":\"Lo\u00efc Dun\",\"image\":{\"@type\":\"ImageObject\",\"inLanguage\":\"fr-FR\",\"@id\":\"https:\\\/\\\/happynessradio.fr\\\/amiens\\\/wp-content\\\/uploads\\\/sites\\\/3\\\/2025\\\/12\\\/cropped-Portrait-Loic-25-26-96x96.webp\",\"url\":\"https:\\\/\\\/happynessradio.fr\\\/amiens\\\/wp-content\\\/uploads\\\/sites\\\/3\\\/2025\\\/12\\\/cropped-Portrait-Loic-25-26-96x96.webp\",\"contentUrl\":\"https:\\\/\\\/happynessradio.fr\\\/amiens\\\/wp-content\\\/uploads\\\/sites\\\/3\\\/2025\\\/12\\\/cropped-Portrait-Loic-25-26-96x96.webp\",\"caption\":\"Lo\u00efc Dun\"},\"description\":\"R\u00e9dacteur web Happyness. Co-animateur (chroniqueur) Quoi d'neuf ? Amiens Chroniqueur Le R\u00e9veil Happyness\",\"sameAs\":[\"https:\\\/\\\/www.instagram.com\\\/lolo80radio\\\/\",\"https:\\\/\\\/www.linkedin.com\\\/in\\\/loc-d-365960164\\\/\"],\"url\":\"https:\\\/\\\/happynessradio.fr\\\/oise\\\/articles\\\/author\\\/loicdun\\\/\"}]}<\/script>\n<!-- \/ Yoast SEO plugin. -->","yoast_head_json":{"title":"Margny-l\u00e8s-Compi\u00e8gne : Le March\u00e9 de l'Histoire, c'est ce weekend ! - Happyness Oise","description":"Ne manquez pas la 8\u00e8me \u00e9dition du March\u00e9 de l'Histoire au Tigre (Margny-l\u00e8s-Compi\u00e8gne) les 18 et 19 avril. D\u00e9couvrez 250 exposants internationaux, des armures aux saveurs anciennes. Infos pratiques et acc\u00e8s ici !","robots":{"index":"index","follow":"follow","max-snippet":"max-snippet:-1","max-image-preview":"max-image-preview:large","max-video-preview":"max-video-preview:-1"},"canonical":"https:\/\/happynessradio.fr\/oise\/articles\/margny-les-compiegne-le-marche-de-lhistoire-cest-ce-weekend\/","og_locale":"fr_FR","og_type":"article","og_title":"Margny-l\u00e8s-Compi\u00e8gne : Le March\u00e9 de l'Histoire, c'est ce weekend ! - Happyness Oise","og_description":"Ne manquez pas la 8\u00e8me \u00e9dition du March\u00e9 de l'Histoire au Tigre (Margny-l\u00e8s-Compi\u00e8gne) les 18 et 19 avril. D\u00e9couvrez 250 exposants internationaux, des armures aux saveurs anciennes. Infos pratiques et acc\u00e8s ici !","og_url":"https:\/\/happynessradio.fr\/oise\/articles\/margny-les-compiegne-le-marche-de-lhistoire-cest-ce-weekend\/","og_site_name":"Happyness Oise","article_published_time":"2026-04-13T15:55:31+00:00","article_modified_time":"2026-04-13T15:55:32+00:00","og_image":[{"width":1083,"height":486,"url":"https:\/\/happynessradio.fr\/oise\/wp-content\/uploads\/sites\/2\/2026\/04\/MockUp-Visuels-articles-52.webp","type":"image\/webp"}],"author":"Lo\u00efc Dun","twitter_card":"summary_large_image","twitter_misc":{"\u00c9crit par":"Lo\u00efc Dun","Dur\u00e9e de lecture estim\u00e9e":"2 minutes"},"schema":{"@context":"https:\/\/schema.org","@graph":[{"@type":"Article","@id":"https:\/\/happynessradio.fr\/oise\/articles\/margny-les-compiegne-le-marche-de-lhistoire-cest-ce-weekend\/#article","isPartOf":{"@id":"https:\/\/happynessradio.fr\/oise\/articles\/margny-les-compiegne-le-marche-de-lhistoire-cest-ce-weekend\/"},"author":{"name":"Lo\u00efc Dun","@id":"https:\/\/happynessradio.fr\/oise\/#\/schema\/person\/735f1a1ba15f9478beb4249ad52f7252"},"headline":"Margny-l\u00e8s-Compi\u00e8gne : Le March\u00e9 de l&rsquo;Histoire, c&rsquo;est ce weekend !","datePublished":"2026-04-13T15:55:31+00:00","dateModified":"2026-04-13T15:55:32+00:00","mainEntityOfPage":{"@id":"https:\/\/happynessradio.fr\/oise\/articles\/margny-les-compiegne-le-marche-de-lhistoire-cest-ce-weekend\/"},"wordCount":242,"commentCount":0,"image":{"@id":"https:\/\/happynessradio.fr\/oise\/articles\/margny-les-compiegne-le-marche-de-lhistoire-cest-ce-weekend\/#primaryimage"},"thumbnailUrl":"https:\/\/happynessradio.fr\/oise\/wp-content\/uploads\/sites\/2\/2026\/04\/MockUp-Visuels-articles-52.webp","articleSection":["Oise"],"inLanguage":"fr-FR","potentialAction":[{"@type":"CommentAction","name":"Comment","target":["https:\/\/happynessradio.fr\/oise\/articles\/margny-les-compiegne-le-marche-de-lhistoire-cest-ce-weekend\/#respond"]}]},{"@type":"WebPage","@id":"https:\/\/happynessradio.fr\/oise\/articles\/margny-les-compiegne-le-marche-de-lhistoire-cest-ce-weekend\/","url":"https:\/\/happynessradio.fr\/oise\/articles\/margny-les-compiegne-le-marche-de-lhistoire-cest-ce-weekend\/","name":"Margny-l\u00e8s-Compi\u00e8gne : Le March\u00e9 de l'Histoire, c'est ce weekend ! - Happyness Oise","isPartOf":{"@id":"https:\/\/happynessradio.fr\/oise\/#website"},"primaryImageOfPage":{"@id":"https:\/\/happynessradio.fr\/oise\/articles\/margny-les-compiegne-le-marche-de-lhistoire-cest-ce-weekend\/#primaryimage"},"image":{"@id":"https:\/\/happynessradio.fr\/oise\/articles\/margny-les-compiegne-le-marche-de-lhistoire-cest-ce-weekend\/#primaryimage"},"thumbnailUrl":"https:\/\/happynessradio.fr\/oise\/wp-content\/uploads\/sites\/2\/2026\/04\/MockUp-Visuels-articles-52.webp","datePublished":"2026-04-13T15:55:31+00:00","dateModified":"2026-04-13T15:55:32+00:00","author":{"@id":"https:\/\/happynessradio.fr\/oise\/#\/schema\/person\/735f1a1ba15f9478beb4249ad52f7252"},"description":"Ne manquez pas la 8\u00e8me \u00e9dition du March\u00e9 de l'Histoire au Tigre (Margny-l\u00e8s-Compi\u00e8gne) les 18 et 19 avril. D\u00e9couvrez 250 exposants internationaux, des armures aux saveurs anciennes. Infos pratiques et acc\u00e8s ici !","breadcrumb":{"@id":"https:\/\/happynessradio.fr\/oise\/articles\/margny-les-compiegne-le-marche-de-lhistoire-cest-ce-weekend\/#breadcrumb"},"inLanguage":"fr-FR","potentialAction":[{"@type":"ReadAction","target":["https:\/\/happynessradio.fr\/oise\/articles\/margny-les-compiegne-le-marche-de-lhistoire-cest-ce-weekend\/"]}]},{"@type":"ImageObject","inLanguage":"fr-FR","@id":"https:\/\/happynessradio.fr\/oise\/articles\/margny-les-compiegne-le-marche-de-lhistoire-cest-ce-weekend\/#primaryimage","url":"https:\/\/happynessradio.fr\/oise\/wp-content\/uploads\/sites\/2\/2026\/04\/MockUp-Visuels-articles-52.webp","contentUrl":"https:\/\/happynessradio.fr\/oise\/wp-content\/uploads\/sites\/2\/2026\/04\/MockUp-Visuels-articles-52.webp","width":1083,"height":486,"caption":"Gros plan sur un heaume de chevalier en m\u00e9tal martel\u00e9, surmont\u00e9 d'une couronne dor\u00e9e orn\u00e9e de pierres sombres. L'image est encadr\u00e9e par deux formes g\u00e9om\u00e9triques rouges sur un fond noir."},{"@type":"BreadcrumbList","@id":"https:\/\/happynessradio.fr\/oise\/articles\/margny-les-compiegne-le-marche-de-lhistoire-cest-ce-weekend\/#breadcrumb","itemListElement":[{"@type":"ListItem","position":1,"name":"Accueil","item":"https:\/\/happynessradio.fr\/oise\/"},{"@type":"ListItem","position":2,"name":"Margny-l\u00e8s-Compi\u00e8gne : Le March\u00e9 de l&rsquo;Histoire, c&rsquo;est ce weekend !"}]},{"@type":"WebSite","@id":"https:\/\/happynessradio.fr\/oise\/#website","url":"https:\/\/happynessradio.fr\/oise\/","name":"Happyness Oise","description":"Toujours au plus proche de vous","potentialAction":[{"@type":"SearchAction","target":{"@type":"EntryPoint","urlTemplate":"https:\/\/happynessradio.fr\/oise\/?s={search_term_string}"},"query-input":{"@type":"PropertyValueSpecification","valueRequired":true,"valueName":"search_term_string"}}],"inLanguage":"fr-FR"},{"@type":"Person","@id":"https:\/\/happynessradio.fr\/oise\/#\/schema\/person\/735f1a1ba15f9478beb4249ad52f7252","name":"Lo\u00efc Dun","image":{"@type":"ImageObject","inLanguage":"fr-FR","@id":"https:\/\/happynessradio.fr\/amiens\/wp-content\/uploads\/sites\/3\/2025\/12\/cropped-Portrait-Loic-25-26-96x96.webp","url":"https:\/\/happynessradio.fr\/amiens\/wp-content\/uploads\/sites\/3\/2025\/12\/cropped-Portrait-Loic-25-26-96x96.webp","contentUrl":"https:\/\/happynessradio.fr\/amiens\/wp-content\/uploads\/sites\/3\/2025\/12\/cropped-Portrait-Loic-25-26-96x96.webp","caption":"Lo\u00efc Dun"},"description":"R\u00e9dacteur web Happyness. Co-animateur (chroniqueur) Quoi d'neuf ? Amiens Chroniqueur Le R\u00e9veil Happyness","sameAs":["https:\/\/www.instagram.com\/lolo80radio\/","https:\/\/www.linkedin.com\/in\/loc-d-365960164\/"],"url":"https:\/\/happynessradio.fr\/oise\/articles\/author\/loicdun\/"}]}},"modified_by":"Lo\u00efc Dun","_links":{"self":[{"href":"https:\/\/happynessradio.fr\/oise\/wp-json\/wp\/v2\/posts\/12577","targetHints":{"allow":["GET"]}}],"collection":[{"href":"https:\/\/happynessradio.fr\/oise\/wp-json\/wp\/v2\/posts"}],"about":[{"href":"https:\/\/happynessradio.fr\/oise\/wp-json\/wp\/v2\/types\/post"}],"author":[{"embeddable":true,"href":"https:\/\/happynessradio.fr\/oise\/wp-json\/wp\/v2\/users\/6"}],"replies":[{"embeddable":true,"href":"https:\/\/happynessradio.fr\/oise\/wp-json\/wp\/v2\/comments?post=12577"}],"version-history":[{"count":1,"href":"https:\/\/happynessradio.fr\/oise\/wp-json\/wp\/v2\/posts\/12577\/revisions"}],"predecessor-version":[{"id":12579,"href":"https:\/\/happynessradio.fr\/oise\/wp-json\/wp\/v2\/posts\/12577\/revisions\/12579"}],"wp:featuredmedia":[{"embeddable":true,"href":"https:\/\/happynessradio.fr\/oise\/wp-json\/wp\/v2\/media\/12578"}],"wp:attachment":[{"href":"https:\/\/happynessradio.fr\/oise\/wp-json\/wp\/v2\/media?parent=12577"}],"wp:term":[{"taxonomy":"category","embeddable":true,"href":"https:\/\/happynessradio.fr\/oise\/wp-json\/wp\/v2\/categories?post=12577"},{"taxonomy":"post_tag","embeddable":true,"href":"https:\/\/happynessradio.fr\/oise\/wp-json\/wp\/v2\/tags?post=12577"}],"curies":[{"name":"wp","href":"https:\/\/api.w.org\/{rel}","templated":true}]}}