{"id":12580,"date":"2026-04-16T17:45:00","date_gmt":"2026-04-16T15:45:00","guid":{"rendered":"https:\/\/happynessradio.fr\/oise\/?p=12580"},"modified":"2026-04-16T17:45:02","modified_gmt":"2026-04-16T15:45:02","slug":"oise-un-ciel-principalement-couvert-pour-le-weekend","status":"publish","type":"post","link":"https:\/\/happynessradio.fr\/oise\/articles\/oise-un-ciel-principalement-couvert-pour-le-weekend\/","title":{"rendered":"Oise : un ciel principalement couvert pour le weekend"},"content":{"rendered":"\n<p><em>Ce weekend, l&rsquo;Oise aura droit \u00e0 un temps couvert malgr\u00e9 la pr\u00e9sence de la pluie du c\u00f4t\u00e9 de Creil et Compi\u00e8gne pour samedi. Les temp\u00e9ratures seront comprises entre 2 et 19 degr\u00e9s voir m\u00eame 21. On fait le point dans cet article de la r\u00e9daction d&rsquo;Happyness. <\/em><\/p>\n\n\n\n<h2 class=\"wp-block-heading\">Beauvais et Compi\u00e8gne <\/h2>\n\n\n\n<p>Ce weekend dans l&rsquo;<a href=\"https:\/\/www.oisetourisme.com\/\" id=\"https:\/\/www.oisetourisme.com\/\">Oise<\/a>, on aura le droit \u00e0 un <a href=\"https:\/\/meteofrance.com\/previsions-meteo-france\/oise\/60\" id=\"https:\/\/meteofrance.com\/previsions-meteo-france\/oise\/60\">temps<\/a> nuageux par exemple du c\u00f4t\u00e9 de Beauvais, Allonne et Goincourt avec des temp\u00e9ratures comprises entre 2\u00b0C et 19\u00b0C. Concernant le secteur de Compi\u00e8gne, Clairoix et Jaux, ici aussi les nuages seront pr\u00e9sents, malgr\u00e9 des averses pour la journ\u00e9e de samedi avec <strong>18\u00b0C<\/strong> au thermom\u00e8tre. <\/p>\n\n\n\n<h2 class=\"wp-block-heading\">Creil <\/h2>\n\n\n\n<p>A Creil et Nogent-sur-Oise de la pluie est attendu pour samedi, mais le reste du weekend sera sous le signe d&rsquo;un ciel couvert avec temp\u00e9ratures entre 4\u00b0C et 21\u00b0C. RDV ce dimanche sur notre site pour conna\u00eetre les pr\u00e9visions pour cette semaine.  <\/p>\n\n\n\n<p><\/p>\n","protected":false},"excerpt":{"rendered":"<p>Ce weekend, l&rsquo;Oise aura droit \u00e0 un temps couvert malgr\u00e9 la pr\u00e9sence de la pluie du c\u00f4t\u00e9 de Creil et Compi\u00e8gne pour samedi. Les temp\u00e9ratures seront comprises entre 2 et 19 degr\u00e9s voir m\u00eame 21. On fait le point dans cet article de la r\u00e9daction d&rsquo;Happyness. Beauvais et Compi\u00e8gne Ce weekend dans l&rsquo;Oise, on aura le droit \u00e0 un temps nuageux par exemple du c\u00f4t\u00e9 de Beauvais, Allonne et Goincourt avec des temp\u00e9ratures comprises entre 2\u00b0C et 19\u00b0C. Concernant le secteur de Compi\u00e8gne, Clairoix et Jaux, ici aussi les nuages seront pr\u00e9sents, malgr\u00e9 des averses pour la journ\u00e9e de samedi avec 18\u00b0C au thermom\u00e8tre. Creil A Creil et Nogent-sur-Oise de la pluie est attendu pour samedi, mais le reste du weekend sera sous le signe d&rsquo;un ciel couvert avec temp\u00e9ratures entre 4\u00b0C et 21\u00b0C. RDV ce dimanche sur notre site pour conna\u00eetre les pr\u00e9visions pour cette semaine.<\/p>\n","protected":false},"author":6,"featured_media":12321,"comment_status":"open","ping_status":"open","sticky":false,"template":"","format":"standard","meta":{"_lmt_disableupdate":"","_lmt_disable":"","footnotes":""},"categories":[8],"tags":[],"class_list":["post-12580","post","type-post","status-publish","format-standard","has-post-thumbnail","hentry","category-oise"],"yoast_head":"<!-- This site is optimized with the Yoast SEO plugin v27.5 - https:\/\/yoast.com\/product\/yoast-seo-wordpress\/ -->\n<title>Oise : un ciel principalement couvert pour le weekend - Happyness Oise<\/title>\n<meta name=\"description\" content=\"D\u00e9couvrez les pr\u00e9visions m\u00e9t\u00e9o de ce week-end dans l\u2019Oise. Entre \u00e9claircies nuageuses \u00e0 Beauvais et averses pr\u00e9vues \u00e0 Compi\u00e8gne et Creil, restez inform\u00e9s des temp\u00e9ratures et du ciel dans votre secteur.\" \/>\n<meta name=\"robots\" content=\"index, follow, max-snippet:-1, max-image-preview:large, max-video-preview:-1\" \/>\n<link rel=\"canonical\" href=\"https:\/\/happynessradio.fr\/oise\/articles\/oise-un-ciel-principalement-couvert-pour-le-weekend\/\" \/>\n<meta property=\"og:locale\" content=\"fr_FR\" \/>\n<meta property=\"og:type\" content=\"article\" \/>\n<meta property=\"og:title\" content=\"Oise : un ciel principalement couvert pour le weekend - Happyness Oise\" \/>\n<meta property=\"og:description\" content=\"D\u00e9couvrez les pr\u00e9visions m\u00e9t\u00e9o de ce week-end dans l\u2019Oise. Entre \u00e9claircies nuageuses \u00e0 Beauvais et averses pr\u00e9vues \u00e0 Compi\u00e8gne et Creil, restez inform\u00e9s des temp\u00e9ratures et du ciel dans votre secteur.\" \/>\n<meta property=\"og:url\" content=\"https:\/\/happynessradio.fr\/oise\/articles\/oise-un-ciel-principalement-couvert-pour-le-weekend\/\" \/>\n<meta property=\"og:site_name\" content=\"Happyness Oise\" \/>\n<meta property=\"article:published_time\" content=\"2026-04-16T15:45:00+00:00\" \/>\n<meta property=\"article:modified_time\" content=\"2026-04-16T15:45:02+00:00\" \/>\n<meta property=\"og:image\" content=\"https:\/\/happynessradio.fr\/oise\/wp-content\/uploads\/sites\/2\/2026\/03\/MockUp-Visuels-articles-5-1.webp\" \/>\n\t<meta property=\"og:image:width\" content=\"1083\" \/>\n\t<meta property=\"og:image:height\" content=\"486\" \/>\n\t<meta property=\"og:image:type\" content=\"image\/webp\" \/>\n<meta name=\"author\" content=\"Lo\u00efc Dun\" \/>\n<meta name=\"twitter:card\" content=\"summary_large_image\" \/>\n<meta name=\"twitter:label1\" content=\"\u00c9crit par\" \/>\n\t<meta name=\"twitter:data1\" content=\"Lo\u00efc Dun\" \/>\n\t<meta name=\"twitter:label2\" content=\"Dur\u00e9e de lecture estim\u00e9e\" \/>\n\t<meta name=\"twitter:data2\" content=\"1 minute\" \/>\n<script type=\"application\/ld+json\" class=\"yoast-schema-graph\">{\"@context\":\"https:\\\/\\\/schema.org\",\"@graph\":[{\"@type\":\"Article\",\"@id\":\"https:\\\/\\\/happynessradio.fr\\\/oise\\\/articles\\\/oise-un-ciel-principalement-couvert-pour-le-weekend\\\/#article\",\"isPartOf\":{\"@id\":\"https:\\\/\\\/happynessradio.fr\\\/oise\\\/articles\\\/oise-un-ciel-principalement-couvert-pour-le-weekend\\\/\"},\"author\":{\"name\":\"Lo\u00efc Dun\",\"@id\":\"https:\\\/\\\/happynessradio.fr\\\/oise\\\/#\\\/schema\\\/person\\\/735f1a1ba15f9478beb4249ad52f7252\"},\"headline\":\"Oise : un ciel principalement couvert pour le weekend\",\"datePublished\":\"2026-04-16T15:45:00+00:00\",\"dateModified\":\"2026-04-16T15:45:02+00:00\",\"mainEntityOfPage\":{\"@id\":\"https:\\\/\\\/happynessradio.fr\\\/oise\\\/articles\\\/oise-un-ciel-principalement-couvert-pour-le-weekend\\\/\"},\"wordCount\":171,\"commentCount\":0,\"image\":{\"@id\":\"https:\\\/\\\/happynessradio.fr\\\/oise\\\/articles\\\/oise-un-ciel-principalement-couvert-pour-le-weekend\\\/#primaryimage\"},\"thumbnailUrl\":\"https:\\\/\\\/happynessradio.fr\\\/oise\\\/wp-content\\\/uploads\\\/sites\\\/2\\\/2026\\\/03\\\/MockUp-Visuels-articles-5-1.webp\",\"articleSection\":[\"Oise\"],\"inLanguage\":\"fr-FR\",\"potentialAction\":[{\"@type\":\"CommentAction\",\"name\":\"Comment\",\"target\":[\"https:\\\/\\\/happynessradio.fr\\\/oise\\\/articles\\\/oise-un-ciel-principalement-couvert-pour-le-weekend\\\/#respond\"]}]},{\"@type\":\"WebPage\",\"@id\":\"https:\\\/\\\/happynessradio.fr\\\/oise\\\/articles\\\/oise-un-ciel-principalement-couvert-pour-le-weekend\\\/\",\"url\":\"https:\\\/\\\/happynessradio.fr\\\/oise\\\/articles\\\/oise-un-ciel-principalement-couvert-pour-le-weekend\\\/\",\"name\":\"Oise : un ciel principalement couvert pour le weekend - Happyness Oise\",\"isPartOf\":{\"@id\":\"https:\\\/\\\/happynessradio.fr\\\/oise\\\/#website\"},\"primaryImageOfPage\":{\"@id\":\"https:\\\/\\\/happynessradio.fr\\\/oise\\\/articles\\\/oise-un-ciel-principalement-couvert-pour-le-weekend\\\/#primaryimage\"},\"image\":{\"@id\":\"https:\\\/\\\/happynessradio.fr\\\/oise\\\/articles\\\/oise-un-ciel-principalement-couvert-pour-le-weekend\\\/#primaryimage\"},\"thumbnailUrl\":\"https:\\\/\\\/happynessradio.fr\\\/oise\\\/wp-content\\\/uploads\\\/sites\\\/2\\\/2026\\\/03\\\/MockUp-Visuels-articles-5-1.webp\",\"datePublished\":\"2026-04-16T15:45:00+00:00\",\"dateModified\":\"2026-04-16T15:45:02+00:00\",\"author\":{\"@id\":\"https:\\\/\\\/happynessradio.fr\\\/oise\\\/#\\\/schema\\\/person\\\/735f1a1ba15f9478beb4249ad52f7252\"},\"description\":\"D\u00e9couvrez les pr\u00e9visions m\u00e9t\u00e9o de ce week-end dans l\u2019Oise. Entre \u00e9claircies nuageuses \u00e0 Beauvais et averses pr\u00e9vues \u00e0 Compi\u00e8gne et Creil, restez inform\u00e9s des temp\u00e9ratures et du ciel dans votre secteur.\",\"breadcrumb\":{\"@id\":\"https:\\\/\\\/happynessradio.fr\\\/oise\\\/articles\\\/oise-un-ciel-principalement-couvert-pour-le-weekend\\\/#breadcrumb\"},\"inLanguage\":\"fr-FR\",\"potentialAction\":[{\"@type\":\"ReadAction\",\"target\":[\"https:\\\/\\\/happynessradio.fr\\\/oise\\\/articles\\\/oise-un-ciel-principalement-couvert-pour-le-weekend\\\/\"]}]},{\"@type\":\"ImageObject\",\"inLanguage\":\"fr-FR\",\"@id\":\"https:\\\/\\\/happynessradio.fr\\\/oise\\\/articles\\\/oise-un-ciel-principalement-couvert-pour-le-weekend\\\/#primaryimage\",\"url\":\"https:\\\/\\\/happynessradio.fr\\\/oise\\\/wp-content\\\/uploads\\\/sites\\\/2\\\/2026\\\/03\\\/MockUp-Visuels-articles-5-1.webp\",\"contentUrl\":\"https:\\\/\\\/happynessradio.fr\\\/oise\\\/wp-content\\\/uploads\\\/sites\\\/2\\\/2026\\\/03\\\/MockUp-Visuels-articles-5-1.webp\",\"width\":1083,\"height\":486,\"caption\":\"Un plan moyen d'un ciel couvert d'\u00e9pais nuages gris textur\u00e9s, \u00e9voquant un temps orageux. L'image est encadr\u00e9e par deux formes g\u00e9om\u00e9triques rouges unies : un triangle pointant vers le bas dans le coin sup\u00e9rieur gauche et une forme en pointe dans le coin inf\u00e9rieur droit.\"},{\"@type\":\"BreadcrumbList\",\"@id\":\"https:\\\/\\\/happynessradio.fr\\\/oise\\\/articles\\\/oise-un-ciel-principalement-couvert-pour-le-weekend\\\/#breadcrumb\",\"itemListElement\":[{\"@type\":\"ListItem\",\"position\":1,\"name\":\"Accueil\",\"item\":\"https:\\\/\\\/happynessradio.fr\\\/oise\\\/\"},{\"@type\":\"ListItem\",\"position\":2,\"name\":\"Oise : un ciel principalement couvert pour le weekend\"}]},{\"@type\":\"WebSite\",\"@id\":\"https:\\\/\\\/happynessradio.fr\\\/oise\\\/#website\",\"url\":\"https:\\\/\\\/happynessradio.fr\\\/oise\\\/\",\"name\":\"Happyness Oise\",\"description\":\"Toujours au plus proche de vous\",\"potentialAction\":[{\"@type\":\"SearchAction\",\"target\":{\"@type\":\"EntryPoint\",\"urlTemplate\":\"https:\\\/\\\/happynessradio.fr\\\/oise\\\/?s={search_term_string}\"},\"query-input\":{\"@type\":\"PropertyValueSpecification\",\"valueRequired\":true,\"valueName\":\"search_term_string\"}}],\"inLanguage\":\"fr-FR\"},{\"@type\":\"Person\",\"@id\":\"https:\\\/\\\/happynessradio.fr\\\/oise\\\/#\\\/schema\\\/person\\\/735f1a1ba15f9478beb4249ad52f7252\",\"name\":\"Lo\u00efc Dun\",\"image\":{\"@type\":\"ImageObject\",\"inLanguage\":\"fr-FR\",\"@id\":\"https:\\\/\\\/happynessradio.fr\\\/amiens\\\/wp-content\\\/uploads\\\/sites\\\/3\\\/2025\\\/12\\\/cropped-Portrait-Loic-25-26-96x96.webp\",\"url\":\"https:\\\/\\\/happynessradio.fr\\\/amiens\\\/wp-content\\\/uploads\\\/sites\\\/3\\\/2025\\\/12\\\/cropped-Portrait-Loic-25-26-96x96.webp\",\"contentUrl\":\"https:\\\/\\\/happynessradio.fr\\\/amiens\\\/wp-content\\\/uploads\\\/sites\\\/3\\\/2025\\\/12\\\/cropped-Portrait-Loic-25-26-96x96.webp\",\"caption\":\"Lo\u00efc Dun\"},\"description\":\"R\u00e9dacteur web Happyness. Co-animateur (chroniqueur) Quoi d'neuf ? Amiens Chroniqueur Le R\u00e9veil Happyness\",\"sameAs\":[\"https:\\\/\\\/www.instagram.com\\\/lolo80radio\\\/\",\"https:\\\/\\\/www.linkedin.com\\\/in\\\/loc-d-365960164\\\/\"],\"url\":\"https:\\\/\\\/happynessradio.fr\\\/oise\\\/articles\\\/author\\\/loicdun\\\/\"}]}<\/script>\n<!-- \/ Yoast SEO plugin. -->","yoast_head_json":{"title":"Oise : un ciel principalement couvert pour le weekend - Happyness Oise","description":"D\u00e9couvrez les pr\u00e9visions m\u00e9t\u00e9o de ce week-end dans l\u2019Oise. Entre \u00e9claircies nuageuses \u00e0 Beauvais et averses pr\u00e9vues \u00e0 Compi\u00e8gne et Creil, restez inform\u00e9s des temp\u00e9ratures et du ciel dans votre secteur.","robots":{"index":"index","follow":"follow","max-snippet":"max-snippet:-1","max-image-preview":"max-image-preview:large","max-video-preview":"max-video-preview:-1"},"canonical":"https:\/\/happynessradio.fr\/oise\/articles\/oise-un-ciel-principalement-couvert-pour-le-weekend\/","og_locale":"fr_FR","og_type":"article","og_title":"Oise : un ciel principalement couvert pour le weekend - Happyness Oise","og_description":"D\u00e9couvrez les pr\u00e9visions m\u00e9t\u00e9o de ce week-end dans l\u2019Oise. Entre \u00e9claircies nuageuses \u00e0 Beauvais et averses pr\u00e9vues \u00e0 Compi\u00e8gne et Creil, restez inform\u00e9s des temp\u00e9ratures et du ciel dans votre secteur.","og_url":"https:\/\/happynessradio.fr\/oise\/articles\/oise-un-ciel-principalement-couvert-pour-le-weekend\/","og_site_name":"Happyness Oise","article_published_time":"2026-04-16T15:45:00+00:00","article_modified_time":"2026-04-16T15:45:02+00:00","og_image":[{"width":1083,"height":486,"url":"https:\/\/happynessradio.fr\/oise\/wp-content\/uploads\/sites\/2\/2026\/03\/MockUp-Visuels-articles-5-1.webp","type":"image\/webp"}],"author":"Lo\u00efc Dun","twitter_card":"summary_large_image","twitter_misc":{"\u00c9crit par":"Lo\u00efc Dun","Dur\u00e9e de lecture estim\u00e9e":"1 minute"},"schema":{"@context":"https:\/\/schema.org","@graph":[{"@type":"Article","@id":"https:\/\/happynessradio.fr\/oise\/articles\/oise-un-ciel-principalement-couvert-pour-le-weekend\/#article","isPartOf":{"@id":"https:\/\/happynessradio.fr\/oise\/articles\/oise-un-ciel-principalement-couvert-pour-le-weekend\/"},"author":{"name":"Lo\u00efc Dun","@id":"https:\/\/happynessradio.fr\/oise\/#\/schema\/person\/735f1a1ba15f9478beb4249ad52f7252"},"headline":"Oise : un ciel principalement couvert pour le weekend","datePublished":"2026-04-16T15:45:00+00:00","dateModified":"2026-04-16T15:45:02+00:00","mainEntityOfPage":{"@id":"https:\/\/happynessradio.fr\/oise\/articles\/oise-un-ciel-principalement-couvert-pour-le-weekend\/"},"wordCount":171,"commentCount":0,"image":{"@id":"https:\/\/happynessradio.fr\/oise\/articles\/oise-un-ciel-principalement-couvert-pour-le-weekend\/#primaryimage"},"thumbnailUrl":"https:\/\/happynessradio.fr\/oise\/wp-content\/uploads\/sites\/2\/2026\/03\/MockUp-Visuels-articles-5-1.webp","articleSection":["Oise"],"inLanguage":"fr-FR","potentialAction":[{"@type":"CommentAction","name":"Comment","target":["https:\/\/happynessradio.fr\/oise\/articles\/oise-un-ciel-principalement-couvert-pour-le-weekend\/#respond"]}]},{"@type":"WebPage","@id":"https:\/\/happynessradio.fr\/oise\/articles\/oise-un-ciel-principalement-couvert-pour-le-weekend\/","url":"https:\/\/happynessradio.fr\/oise\/articles\/oise-un-ciel-principalement-couvert-pour-le-weekend\/","name":"Oise : un ciel principalement couvert pour le weekend - Happyness Oise","isPartOf":{"@id":"https:\/\/happynessradio.fr\/oise\/#website"},"primaryImageOfPage":{"@id":"https:\/\/happynessradio.fr\/oise\/articles\/oise-un-ciel-principalement-couvert-pour-le-weekend\/#primaryimage"},"image":{"@id":"https:\/\/happynessradio.fr\/oise\/articles\/oise-un-ciel-principalement-couvert-pour-le-weekend\/#primaryimage"},"thumbnailUrl":"https:\/\/happynessradio.fr\/oise\/wp-content\/uploads\/sites\/2\/2026\/03\/MockUp-Visuels-articles-5-1.webp","datePublished":"2026-04-16T15:45:00+00:00","dateModified":"2026-04-16T15:45:02+00:00","author":{"@id":"https:\/\/happynessradio.fr\/oise\/#\/schema\/person\/735f1a1ba15f9478beb4249ad52f7252"},"description":"D\u00e9couvrez les pr\u00e9visions m\u00e9t\u00e9o de ce week-end dans l\u2019Oise. Entre \u00e9claircies nuageuses \u00e0 Beauvais et averses pr\u00e9vues \u00e0 Compi\u00e8gne et Creil, restez inform\u00e9s des temp\u00e9ratures et du ciel dans votre secteur.","breadcrumb":{"@id":"https:\/\/happynessradio.fr\/oise\/articles\/oise-un-ciel-principalement-couvert-pour-le-weekend\/#breadcrumb"},"inLanguage":"fr-FR","potentialAction":[{"@type":"ReadAction","target":["https:\/\/happynessradio.fr\/oise\/articles\/oise-un-ciel-principalement-couvert-pour-le-weekend\/"]}]},{"@type":"ImageObject","inLanguage":"fr-FR","@id":"https:\/\/happynessradio.fr\/oise\/articles\/oise-un-ciel-principalement-couvert-pour-le-weekend\/#primaryimage","url":"https:\/\/happynessradio.fr\/oise\/wp-content\/uploads\/sites\/2\/2026\/03\/MockUp-Visuels-articles-5-1.webp","contentUrl":"https:\/\/happynessradio.fr\/oise\/wp-content\/uploads\/sites\/2\/2026\/03\/MockUp-Visuels-articles-5-1.webp","width":1083,"height":486,"caption":"Un plan moyen d'un ciel couvert d'\u00e9pais nuages gris textur\u00e9s, \u00e9voquant un temps orageux. L'image est encadr\u00e9e par deux formes g\u00e9om\u00e9triques rouges unies : un triangle pointant vers le bas dans le coin sup\u00e9rieur gauche et une forme en pointe dans le coin inf\u00e9rieur droit."},{"@type":"BreadcrumbList","@id":"https:\/\/happynessradio.fr\/oise\/articles\/oise-un-ciel-principalement-couvert-pour-le-weekend\/#breadcrumb","itemListElement":[{"@type":"ListItem","position":1,"name":"Accueil","item":"https:\/\/happynessradio.fr\/oise\/"},{"@type":"ListItem","position":2,"name":"Oise : un ciel principalement couvert pour le weekend"}]},{"@type":"WebSite","@id":"https:\/\/happynessradio.fr\/oise\/#website","url":"https:\/\/happynessradio.fr\/oise\/","name":"Happyness Oise","description":"Toujours au plus proche de vous","potentialAction":[{"@type":"SearchAction","target":{"@type":"EntryPoint","urlTemplate":"https:\/\/happynessradio.fr\/oise\/?s={search_term_string}"},"query-input":{"@type":"PropertyValueSpecification","valueRequired":true,"valueName":"search_term_string"}}],"inLanguage":"fr-FR"},{"@type":"Person","@id":"https:\/\/happynessradio.fr\/oise\/#\/schema\/person\/735f1a1ba15f9478beb4249ad52f7252","name":"Lo\u00efc Dun","image":{"@type":"ImageObject","inLanguage":"fr-FR","@id":"https:\/\/happynessradio.fr\/amiens\/wp-content\/uploads\/sites\/3\/2025\/12\/cropped-Portrait-Loic-25-26-96x96.webp","url":"https:\/\/happynessradio.fr\/amiens\/wp-content\/uploads\/sites\/3\/2025\/12\/cropped-Portrait-Loic-25-26-96x96.webp","contentUrl":"https:\/\/happynessradio.fr\/amiens\/wp-content\/uploads\/sites\/3\/2025\/12\/cropped-Portrait-Loic-25-26-96x96.webp","caption":"Lo\u00efc Dun"},"description":"R\u00e9dacteur web Happyness. Co-animateur (chroniqueur) Quoi d'neuf ? Amiens Chroniqueur Le R\u00e9veil Happyness","sameAs":["https:\/\/www.instagram.com\/lolo80radio\/","https:\/\/www.linkedin.com\/in\/loc-d-365960164\/"],"url":"https:\/\/happynessradio.fr\/oise\/articles\/author\/loicdun\/"}]}},"modified_by":"Lo\u00efc Dun","_links":{"self":[{"href":"https:\/\/happynessradio.fr\/oise\/wp-json\/wp\/v2\/posts\/12580","targetHints":{"allow":["GET"]}}],"collection":[{"href":"https:\/\/happynessradio.fr\/oise\/wp-json\/wp\/v2\/posts"}],"about":[{"href":"https:\/\/happynessradio.fr\/oise\/wp-json\/wp\/v2\/types\/post"}],"author":[{"embeddable":true,"href":"https:\/\/happynessradio.fr\/oise\/wp-json\/wp\/v2\/users\/6"}],"replies":[{"embeddable":true,"href":"https:\/\/happynessradio.fr\/oise\/wp-json\/wp\/v2\/comments?post=12580"}],"version-history":[{"count":1,"href":"https:\/\/happynessradio.fr\/oise\/wp-json\/wp\/v2\/posts\/12580\/revisions"}],"predecessor-version":[{"id":12581,"href":"https:\/\/happynessradio.fr\/oise\/wp-json\/wp\/v2\/posts\/12580\/revisions\/12581"}],"wp:featuredmedia":[{"embeddable":true,"href":"https:\/\/happynessradio.fr\/oise\/wp-json\/wp\/v2\/media\/12321"}],"wp:attachment":[{"href":"https:\/\/happynessradio.fr\/oise\/wp-json\/wp\/v2\/media?parent=12580"}],"wp:term":[{"taxonomy":"category","embeddable":true,"href":"https:\/\/happynessradio.fr\/oise\/wp-json\/wp\/v2\/categories?post=12580"},{"taxonomy":"post_tag","embeddable":true,"href":"https:\/\/happynessradio.fr\/oise\/wp-json\/wp\/v2\/tags?post=12580"}],"curies":[{"name":"wp","href":"https:\/\/api.w.org\/{rel}","templated":true}]}}