{"id":12582,"date":"2026-04-19T16:00:00","date_gmt":"2026-04-19T14:00:00","guid":{"rendered":"https:\/\/happynessradio.fr\/oise\/?p=12582"},"modified":"2026-04-17T17:00:11","modified_gmt":"2026-04-17T15:00:11","slug":"meteo-dans-loise-nuages-et-soleil-cette-semaine","status":"publish","type":"post","link":"https:\/\/happynessradio.fr\/oise\/articles\/meteo-dans-loise-nuages-et-soleil-cette-semaine\/","title":{"rendered":"M\u00e9t\u00e9o dans l&rsquo;Oise : nuages et soleil cette semaine"},"content":{"rendered":"\n<p><em>Cette semaine dans l&rsquo;Oise, les nuages seront au rendez-vous par exemple \u00e0 Beauvais et Compi\u00e8gne, malgr\u00e9 la pr\u00e9sence d&rsquo;un temps ensoleill\u00e9 principalement du c\u00f4t\u00e9 de Creil. Il faudra compter entre 13 et 17 degr\u00e9s. On fait le point sur la m\u00e9t\u00e9o dans cet article. <\/em><\/p>\n\n\n\n<h2 class=\"wp-block-heading\">Beauvais<\/h2>\n\n\n\n<p>Ce semaine dans le d\u00e9partement de <a href=\"https:\/\/meteofrance.com\/previsions-meteo-france\/oise\/60\" id=\"https:\/\/meteofrance.com\/previsions-meteo-france\/oise\/60\">l&rsquo;Oise<\/a>, les nuages seront pr\u00e9sents dans le ciel du Beauvaisis pour la journ\u00e9e de lundi avec 13\u00b0C, tandis que le lendemain on s&rsquo;attend \u00e0 un temps partiellement ensoleill\u00e9. Mercredi, des nuages par intermittence avec 16 concernant le thermom\u00e8tre m\u00eame chose pour jeudi. Alors que vendredi, il n&rsquo;est pas impossible qu&rsquo;il faille sortir le parapluie avec 19\u00b0C. <\/p>\n\n\n\n<h2 class=\"wp-block-heading\">Compi\u00e8gne<\/h2>\n\n\n\n<p>Dans le Compi\u00e9gnois, lundi des nuages au rendez vous m\u00eame chose pour mardi avec une quinzaine de degr\u00e9s, mercredi 17\u00b0C avec un ciel partiellement ensoleill\u00e9. Jeudi retour d&rsquo;une couverture nuageuse et pour finir la semaine, il fera encore couvert. <\/p>\n\n\n\n<h2 class=\"wp-block-heading\">Creil <\/h2>\n\n\n\n<p>Dans le secteur de Creil, lundi 14 degr\u00e9s avec la pr\u00e9sence de nuages, mais le lendemain le soleil sera l\u00e0, pareil pour mardi avec un degr\u00e9s de plus par rapport au d\u00e9but de la semaine, mercredi, on pourra encore profiter du beau temps avec un ciel partiellement ensoleill\u00e9. Jeudi, les rayons du soleil seront l\u00e0, mais pour vendredi un risque d&rsquo;averses n&rsquo;est pas \u00e0 exclure avec 21\u00b0C au programme. <\/p>\n","protected":false},"excerpt":{"rendered":"<p>Cette semaine dans l&rsquo;Oise, les nuages seront au rendez-vous par exemple \u00e0 Beauvais et Compi\u00e8gne, malgr\u00e9 la pr\u00e9sence d&rsquo;un temps ensoleill\u00e9 principalement du c\u00f4t\u00e9 de Creil. Il faudra compter entre 13 et 17 degr\u00e9s. On fait le point sur la m\u00e9t\u00e9o dans cet article. Beauvais Ce semaine dans le d\u00e9partement de l&rsquo;Oise, les nuages seront pr\u00e9sents dans le ciel du Beauvaisis pour la journ\u00e9e de lundi avec 13\u00b0C, tandis que le lendemain on s&rsquo;attend \u00e0 un temps partiellement ensoleill\u00e9. Mercredi, des nuages par intermittence avec 16 concernant le thermom\u00e8tre m\u00eame chose pour jeudi. Alors que vendredi, il n&rsquo;est pas impossible qu&rsquo;il faille sortir le parapluie avec 19\u00b0C. Compi\u00e8gne Dans le Compi\u00e9gnois, lundi des nuages au rendez vous m\u00eame chose pour mardi avec une quinzaine de degr\u00e9s, mercredi 17\u00b0C avec un ciel partiellement ensoleill\u00e9. Jeudi retour d&rsquo;une couverture nuageuse et pour finir la semaine, il fera encore couvert. Creil Dans le secteur de Creil, lundi 14 degr\u00e9s avec la pr\u00e9sence de nuages, mais le lendemain le soleil sera l\u00e0, pareil pour mardi avec un degr\u00e9s de plus par rapport au d\u00e9but de la semaine, mercredi, on pourra encore profiter du beau temps avec un ciel partiellement ensoleill\u00e9. Jeudi, les rayons du soleil seront l\u00e0, mais pour vendredi un risque d&rsquo;averses n&rsquo;est pas \u00e0 exclure avec 21\u00b0C au programme.<\/p>\n","protected":false},"author":6,"featured_media":12554,"comment_status":"open","ping_status":"open","sticky":false,"template":"","format":"standard","meta":{"_lmt_disableupdate":"","_lmt_disable":"","footnotes":""},"categories":[8],"tags":[],"class_list":["post-12582","post","type-post","status-publish","format-standard","has-post-thumbnail","hentry","category-oise"],"yoast_head":"<!-- This site is optimized with the Yoast SEO plugin v27.5 - https:\/\/yoast.com\/product\/yoast-seo-wordpress\/ -->\n<title>M\u00e9t\u00e9o dans l&#039;Oise : nuages et soleil cette semaine - Happyness Oise<\/title>\n<meta name=\"description\" content=\"M\u00e9t\u00e9o dans l&#039;Oise : quel temps pour cette semaine \u00e0 Beauvais, Compi\u00e8gne et Creil ? D\u00e9couvrez nos pr\u00e9visions d\u00e9taill\u00e9es, les temp\u00e9ratures (jusqu&#039;\u00e0 21\u00b0C) et les risques de pluie pour planifier vos sorties du 20 au 24 avril.\" \/>\n<meta name=\"robots\" content=\"index, follow, max-snippet:-1, max-image-preview:large, max-video-preview:-1\" \/>\n<link rel=\"canonical\" href=\"https:\/\/happynessradio.fr\/oise\/articles\/meteo-dans-loise-nuages-et-soleil-cette-semaine\/\" \/>\n<meta property=\"og:locale\" content=\"fr_FR\" \/>\n<meta property=\"og:type\" content=\"article\" \/>\n<meta property=\"og:title\" content=\"M\u00e9t\u00e9o dans l&#039;Oise : nuages et soleil cette semaine - Happyness Oise\" \/>\n<meta property=\"og:description\" content=\"M\u00e9t\u00e9o dans l&#039;Oise : quel temps pour cette semaine \u00e0 Beauvais, Compi\u00e8gne et Creil ? D\u00e9couvrez nos pr\u00e9visions d\u00e9taill\u00e9es, les temp\u00e9ratures (jusqu&#039;\u00e0 21\u00b0C) et les risques de pluie pour planifier vos sorties du 20 au 24 avril.\" \/>\n<meta property=\"og:url\" content=\"https:\/\/happynessradio.fr\/oise\/articles\/meteo-dans-loise-nuages-et-soleil-cette-semaine\/\" \/>\n<meta property=\"og:site_name\" content=\"Happyness Oise\" \/>\n<meta property=\"article:published_time\" content=\"2026-04-19T14:00:00+00:00\" \/>\n<meta property=\"og:image\" content=\"https:\/\/happynessradio.fr\/oise\/wp-content\/uploads\/sites\/2\/2026\/04\/MockUp-Visuels-articles-47.webp\" \/>\n\t<meta property=\"og:image:width\" content=\"1083\" \/>\n\t<meta property=\"og:image:height\" content=\"486\" \/>\n\t<meta property=\"og:image:type\" content=\"image\/webp\" \/>\n<meta name=\"author\" content=\"Lo\u00efc Dun\" \/>\n<meta name=\"twitter:card\" content=\"summary_large_image\" \/>\n<meta name=\"twitter:label1\" content=\"\u00c9crit par\" \/>\n\t<meta name=\"twitter:data1\" content=\"Lo\u00efc Dun\" \/>\n\t<meta name=\"twitter:label2\" content=\"Dur\u00e9e de lecture estim\u00e9e\" \/>\n\t<meta name=\"twitter:data2\" content=\"2 minutes\" \/>\n<script type=\"application\/ld+json\" class=\"yoast-schema-graph\">{\"@context\":\"https:\\\/\\\/schema.org\",\"@graph\":[{\"@type\":\"Article\",\"@id\":\"https:\\\/\\\/happynessradio.fr\\\/oise\\\/articles\\\/meteo-dans-loise-nuages-et-soleil-cette-semaine\\\/#article\",\"isPartOf\":{\"@id\":\"https:\\\/\\\/happynessradio.fr\\\/oise\\\/articles\\\/meteo-dans-loise-nuages-et-soleil-cette-semaine\\\/\"},\"author\":{\"name\":\"Lo\u00efc Dun\",\"@id\":\"https:\\\/\\\/happynessradio.fr\\\/oise\\\/#\\\/schema\\\/person\\\/735f1a1ba15f9478beb4249ad52f7252\"},\"headline\":\"M\u00e9t\u00e9o dans l&rsquo;Oise : nuages et soleil cette semaine\",\"datePublished\":\"2026-04-19T14:00:00+00:00\",\"mainEntityOfPage\":{\"@id\":\"https:\\\/\\\/happynessradio.fr\\\/oise\\\/articles\\\/meteo-dans-loise-nuages-et-soleil-cette-semaine\\\/\"},\"wordCount\":249,\"commentCount\":0,\"image\":{\"@id\":\"https:\\\/\\\/happynessradio.fr\\\/oise\\\/articles\\\/meteo-dans-loise-nuages-et-soleil-cette-semaine\\\/#primaryimage\"},\"thumbnailUrl\":\"https:\\\/\\\/happynessradio.fr\\\/oise\\\/wp-content\\\/uploads\\\/sites\\\/2\\\/2026\\\/04\\\/MockUp-Visuels-articles-47.webp\",\"articleSection\":[\"Oise\"],\"inLanguage\":\"fr-FR\",\"potentialAction\":[{\"@type\":\"CommentAction\",\"name\":\"Comment\",\"target\":[\"https:\\\/\\\/happynessradio.fr\\\/oise\\\/articles\\\/meteo-dans-loise-nuages-et-soleil-cette-semaine\\\/#respond\"]}]},{\"@type\":\"WebPage\",\"@id\":\"https:\\\/\\\/happynessradio.fr\\\/oise\\\/articles\\\/meteo-dans-loise-nuages-et-soleil-cette-semaine\\\/\",\"url\":\"https:\\\/\\\/happynessradio.fr\\\/oise\\\/articles\\\/meteo-dans-loise-nuages-et-soleil-cette-semaine\\\/\",\"name\":\"M\u00e9t\u00e9o dans l'Oise : nuages et soleil cette semaine - Happyness Oise\",\"isPartOf\":{\"@id\":\"https:\\\/\\\/happynessradio.fr\\\/oise\\\/#website\"},\"primaryImageOfPage\":{\"@id\":\"https:\\\/\\\/happynessradio.fr\\\/oise\\\/articles\\\/meteo-dans-loise-nuages-et-soleil-cette-semaine\\\/#primaryimage\"},\"image\":{\"@id\":\"https:\\\/\\\/happynessradio.fr\\\/oise\\\/articles\\\/meteo-dans-loise-nuages-et-soleil-cette-semaine\\\/#primaryimage\"},\"thumbnailUrl\":\"https:\\\/\\\/happynessradio.fr\\\/oise\\\/wp-content\\\/uploads\\\/sites\\\/2\\\/2026\\\/04\\\/MockUp-Visuels-articles-47.webp\",\"datePublished\":\"2026-04-19T14:00:00+00:00\",\"author\":{\"@id\":\"https:\\\/\\\/happynessradio.fr\\\/oise\\\/#\\\/schema\\\/person\\\/735f1a1ba15f9478beb4249ad52f7252\"},\"description\":\"M\u00e9t\u00e9o dans l'Oise : quel temps pour cette semaine \u00e0 Beauvais, Compi\u00e8gne et Creil ? D\u00e9couvrez nos pr\u00e9visions d\u00e9taill\u00e9es, les temp\u00e9ratures (jusqu'\u00e0 21\u00b0C) et les risques de pluie pour planifier vos sorties du 20 au 24 avril.\",\"breadcrumb\":{\"@id\":\"https:\\\/\\\/happynessradio.fr\\\/oise\\\/articles\\\/meteo-dans-loise-nuages-et-soleil-cette-semaine\\\/#breadcrumb\"},\"inLanguage\":\"fr-FR\",\"potentialAction\":[{\"@type\":\"ReadAction\",\"target\":[\"https:\\\/\\\/happynessradio.fr\\\/oise\\\/articles\\\/meteo-dans-loise-nuages-et-soleil-cette-semaine\\\/\"]}]},{\"@type\":\"ImageObject\",\"inLanguage\":\"fr-FR\",\"@id\":\"https:\\\/\\\/happynessradio.fr\\\/oise\\\/articles\\\/meteo-dans-loise-nuages-et-soleil-cette-semaine\\\/#primaryimage\",\"url\":\"https:\\\/\\\/happynessradio.fr\\\/oise\\\/wp-content\\\/uploads\\\/sites\\\/2\\\/2026\\\/04\\\/MockUp-Visuels-articles-47.webp\",\"contentUrl\":\"https:\\\/\\\/happynessradio.fr\\\/oise\\\/wp-content\\\/uploads\\\/sites\\\/2\\\/2026\\\/04\\\/MockUp-Visuels-articles-47.webp\",\"width\":1083,\"height\":486,\"caption\":\"Une vue en contre-plong\u00e9e d'un ciel bleu vif parsem\u00e9 de quelques nuages blancs cotonneux, avec un soleil radieux dont les rayons s'\u00e9tirent. Deux formes g\u00e9om\u00e9triques rouges encadrent les coins oppos\u00e9s.\"},{\"@type\":\"BreadcrumbList\",\"@id\":\"https:\\\/\\\/happynessradio.fr\\\/oise\\\/articles\\\/meteo-dans-loise-nuages-et-soleil-cette-semaine\\\/#breadcrumb\",\"itemListElement\":[{\"@type\":\"ListItem\",\"position\":1,\"name\":\"Accueil\",\"item\":\"https:\\\/\\\/happynessradio.fr\\\/oise\\\/\"},{\"@type\":\"ListItem\",\"position\":2,\"name\":\"M\u00e9t\u00e9o dans l&rsquo;Oise : nuages et soleil cette semaine\"}]},{\"@type\":\"WebSite\",\"@id\":\"https:\\\/\\\/happynessradio.fr\\\/oise\\\/#website\",\"url\":\"https:\\\/\\\/happynessradio.fr\\\/oise\\\/\",\"name\":\"Happyness Oise\",\"description\":\"Toujours au plus proche de vous\",\"potentialAction\":[{\"@type\":\"SearchAction\",\"target\":{\"@type\":\"EntryPoint\",\"urlTemplate\":\"https:\\\/\\\/happynessradio.fr\\\/oise\\\/?s={search_term_string}\"},\"query-input\":{\"@type\":\"PropertyValueSpecification\",\"valueRequired\":true,\"valueName\":\"search_term_string\"}}],\"inLanguage\":\"fr-FR\"},{\"@type\":\"Person\",\"@id\":\"https:\\\/\\\/happynessradio.fr\\\/oise\\\/#\\\/schema\\\/person\\\/735f1a1ba15f9478beb4249ad52f7252\",\"name\":\"Lo\u00efc Dun\",\"image\":{\"@type\":\"ImageObject\",\"inLanguage\":\"fr-FR\",\"@id\":\"https:\\\/\\\/happynessradio.fr\\\/amiens\\\/wp-content\\\/uploads\\\/sites\\\/3\\\/2025\\\/12\\\/cropped-Portrait-Loic-25-26-96x96.webp\",\"url\":\"https:\\\/\\\/happynessradio.fr\\\/amiens\\\/wp-content\\\/uploads\\\/sites\\\/3\\\/2025\\\/12\\\/cropped-Portrait-Loic-25-26-96x96.webp\",\"contentUrl\":\"https:\\\/\\\/happynessradio.fr\\\/amiens\\\/wp-content\\\/uploads\\\/sites\\\/3\\\/2025\\\/12\\\/cropped-Portrait-Loic-25-26-96x96.webp\",\"caption\":\"Lo\u00efc Dun\"},\"description\":\"R\u00e9dacteur web Happyness. Co-animateur (chroniqueur) Quoi d'neuf ? Amiens Chroniqueur Le R\u00e9veil Happyness\",\"sameAs\":[\"https:\\\/\\\/www.instagram.com\\\/lolo80radio\\\/\",\"https:\\\/\\\/www.linkedin.com\\\/in\\\/loc-d-365960164\\\/\"],\"url\":\"https:\\\/\\\/happynessradio.fr\\\/oise\\\/articles\\\/author\\\/loicdun\\\/\"}]}<\/script>\n<!-- \/ Yoast SEO plugin. -->","yoast_head_json":{"title":"M\u00e9t\u00e9o dans l'Oise : nuages et soleil cette semaine - Happyness Oise","description":"M\u00e9t\u00e9o dans l'Oise : quel temps pour cette semaine \u00e0 Beauvais, Compi\u00e8gne et Creil ? D\u00e9couvrez nos pr\u00e9visions d\u00e9taill\u00e9es, les temp\u00e9ratures (jusqu'\u00e0 21\u00b0C) et les risques de pluie pour planifier vos sorties du 20 au 24 avril.","robots":{"index":"index","follow":"follow","max-snippet":"max-snippet:-1","max-image-preview":"max-image-preview:large","max-video-preview":"max-video-preview:-1"},"canonical":"https:\/\/happynessradio.fr\/oise\/articles\/meteo-dans-loise-nuages-et-soleil-cette-semaine\/","og_locale":"fr_FR","og_type":"article","og_title":"M\u00e9t\u00e9o dans l'Oise : nuages et soleil cette semaine - Happyness Oise","og_description":"M\u00e9t\u00e9o dans l'Oise : quel temps pour cette semaine \u00e0 Beauvais, Compi\u00e8gne et Creil ? D\u00e9couvrez nos pr\u00e9visions d\u00e9taill\u00e9es, les temp\u00e9ratures (jusqu'\u00e0 21\u00b0C) et les risques de pluie pour planifier vos sorties du 20 au 24 avril.","og_url":"https:\/\/happynessradio.fr\/oise\/articles\/meteo-dans-loise-nuages-et-soleil-cette-semaine\/","og_site_name":"Happyness Oise","article_published_time":"2026-04-19T14:00:00+00:00","og_image":[{"width":1083,"height":486,"url":"https:\/\/happynessradio.fr\/oise\/wp-content\/uploads\/sites\/2\/2026\/04\/MockUp-Visuels-articles-47.webp","type":"image\/webp"}],"author":"Lo\u00efc Dun","twitter_card":"summary_large_image","twitter_misc":{"\u00c9crit par":"Lo\u00efc Dun","Dur\u00e9e de lecture estim\u00e9e":"2 minutes"},"schema":{"@context":"https:\/\/schema.org","@graph":[{"@type":"Article","@id":"https:\/\/happynessradio.fr\/oise\/articles\/meteo-dans-loise-nuages-et-soleil-cette-semaine\/#article","isPartOf":{"@id":"https:\/\/happynessradio.fr\/oise\/articles\/meteo-dans-loise-nuages-et-soleil-cette-semaine\/"},"author":{"name":"Lo\u00efc Dun","@id":"https:\/\/happynessradio.fr\/oise\/#\/schema\/person\/735f1a1ba15f9478beb4249ad52f7252"},"headline":"M\u00e9t\u00e9o dans l&rsquo;Oise : nuages et soleil cette semaine","datePublished":"2026-04-19T14:00:00+00:00","mainEntityOfPage":{"@id":"https:\/\/happynessradio.fr\/oise\/articles\/meteo-dans-loise-nuages-et-soleil-cette-semaine\/"},"wordCount":249,"commentCount":0,"image":{"@id":"https:\/\/happynessradio.fr\/oise\/articles\/meteo-dans-loise-nuages-et-soleil-cette-semaine\/#primaryimage"},"thumbnailUrl":"https:\/\/happynessradio.fr\/oise\/wp-content\/uploads\/sites\/2\/2026\/04\/MockUp-Visuels-articles-47.webp","articleSection":["Oise"],"inLanguage":"fr-FR","potentialAction":[{"@type":"CommentAction","name":"Comment","target":["https:\/\/happynessradio.fr\/oise\/articles\/meteo-dans-loise-nuages-et-soleil-cette-semaine\/#respond"]}]},{"@type":"WebPage","@id":"https:\/\/happynessradio.fr\/oise\/articles\/meteo-dans-loise-nuages-et-soleil-cette-semaine\/","url":"https:\/\/happynessradio.fr\/oise\/articles\/meteo-dans-loise-nuages-et-soleil-cette-semaine\/","name":"M\u00e9t\u00e9o dans l'Oise : nuages et soleil cette semaine - Happyness Oise","isPartOf":{"@id":"https:\/\/happynessradio.fr\/oise\/#website"},"primaryImageOfPage":{"@id":"https:\/\/happynessradio.fr\/oise\/articles\/meteo-dans-loise-nuages-et-soleil-cette-semaine\/#primaryimage"},"image":{"@id":"https:\/\/happynessradio.fr\/oise\/articles\/meteo-dans-loise-nuages-et-soleil-cette-semaine\/#primaryimage"},"thumbnailUrl":"https:\/\/happynessradio.fr\/oise\/wp-content\/uploads\/sites\/2\/2026\/04\/MockUp-Visuels-articles-47.webp","datePublished":"2026-04-19T14:00:00+00:00","author":{"@id":"https:\/\/happynessradio.fr\/oise\/#\/schema\/person\/735f1a1ba15f9478beb4249ad52f7252"},"description":"M\u00e9t\u00e9o dans l'Oise : quel temps pour cette semaine \u00e0 Beauvais, Compi\u00e8gne et Creil ? D\u00e9couvrez nos pr\u00e9visions d\u00e9taill\u00e9es, les temp\u00e9ratures (jusqu'\u00e0 21\u00b0C) et les risques de pluie pour planifier vos sorties du 20 au 24 avril.","breadcrumb":{"@id":"https:\/\/happynessradio.fr\/oise\/articles\/meteo-dans-loise-nuages-et-soleil-cette-semaine\/#breadcrumb"},"inLanguage":"fr-FR","potentialAction":[{"@type":"ReadAction","target":["https:\/\/happynessradio.fr\/oise\/articles\/meteo-dans-loise-nuages-et-soleil-cette-semaine\/"]}]},{"@type":"ImageObject","inLanguage":"fr-FR","@id":"https:\/\/happynessradio.fr\/oise\/articles\/meteo-dans-loise-nuages-et-soleil-cette-semaine\/#primaryimage","url":"https:\/\/happynessradio.fr\/oise\/wp-content\/uploads\/sites\/2\/2026\/04\/MockUp-Visuels-articles-47.webp","contentUrl":"https:\/\/happynessradio.fr\/oise\/wp-content\/uploads\/sites\/2\/2026\/04\/MockUp-Visuels-articles-47.webp","width":1083,"height":486,"caption":"Une vue en contre-plong\u00e9e d'un ciel bleu vif parsem\u00e9 de quelques nuages blancs cotonneux, avec un soleil radieux dont les rayons s'\u00e9tirent. Deux formes g\u00e9om\u00e9triques rouges encadrent les coins oppos\u00e9s."},{"@type":"BreadcrumbList","@id":"https:\/\/happynessradio.fr\/oise\/articles\/meteo-dans-loise-nuages-et-soleil-cette-semaine\/#breadcrumb","itemListElement":[{"@type":"ListItem","position":1,"name":"Accueil","item":"https:\/\/happynessradio.fr\/oise\/"},{"@type":"ListItem","position":2,"name":"M\u00e9t\u00e9o dans l&rsquo;Oise : nuages et soleil cette semaine"}]},{"@type":"WebSite","@id":"https:\/\/happynessradio.fr\/oise\/#website","url":"https:\/\/happynessradio.fr\/oise\/","name":"Happyness Oise","description":"Toujours au plus proche de vous","potentialAction":[{"@type":"SearchAction","target":{"@type":"EntryPoint","urlTemplate":"https:\/\/happynessradio.fr\/oise\/?s={search_term_string}"},"query-input":{"@type":"PropertyValueSpecification","valueRequired":true,"valueName":"search_term_string"}}],"inLanguage":"fr-FR"},{"@type":"Person","@id":"https:\/\/happynessradio.fr\/oise\/#\/schema\/person\/735f1a1ba15f9478beb4249ad52f7252","name":"Lo\u00efc Dun","image":{"@type":"ImageObject","inLanguage":"fr-FR","@id":"https:\/\/happynessradio.fr\/amiens\/wp-content\/uploads\/sites\/3\/2025\/12\/cropped-Portrait-Loic-25-26-96x96.webp","url":"https:\/\/happynessradio.fr\/amiens\/wp-content\/uploads\/sites\/3\/2025\/12\/cropped-Portrait-Loic-25-26-96x96.webp","contentUrl":"https:\/\/happynessradio.fr\/amiens\/wp-content\/uploads\/sites\/3\/2025\/12\/cropped-Portrait-Loic-25-26-96x96.webp","caption":"Lo\u00efc Dun"},"description":"R\u00e9dacteur web Happyness. Co-animateur (chroniqueur) Quoi d'neuf ? Amiens Chroniqueur Le R\u00e9veil Happyness","sameAs":["https:\/\/www.instagram.com\/lolo80radio\/","https:\/\/www.linkedin.com\/in\/loc-d-365960164\/"],"url":"https:\/\/happynessradio.fr\/oise\/articles\/author\/loicdun\/"}]}},"modified_by":"Lo\u00efc Dun","_links":{"self":[{"href":"https:\/\/happynessradio.fr\/oise\/wp-json\/wp\/v2\/posts\/12582","targetHints":{"allow":["GET"]}}],"collection":[{"href":"https:\/\/happynessradio.fr\/oise\/wp-json\/wp\/v2\/posts"}],"about":[{"href":"https:\/\/happynessradio.fr\/oise\/wp-json\/wp\/v2\/types\/post"}],"author":[{"embeddable":true,"href":"https:\/\/happynessradio.fr\/oise\/wp-json\/wp\/v2\/users\/6"}],"replies":[{"embeddable":true,"href":"https:\/\/happynessradio.fr\/oise\/wp-json\/wp\/v2\/comments?post=12582"}],"version-history":[{"count":1,"href":"https:\/\/happynessradio.fr\/oise\/wp-json\/wp\/v2\/posts\/12582\/revisions"}],"predecessor-version":[{"id":12583,"href":"https:\/\/happynessradio.fr\/oise\/wp-json\/wp\/v2\/posts\/12582\/revisions\/12583"}],"wp:featuredmedia":[{"embeddable":true,"href":"https:\/\/happynessradio.fr\/oise\/wp-json\/wp\/v2\/media\/12554"}],"wp:attachment":[{"href":"https:\/\/happynessradio.fr\/oise\/wp-json\/wp\/v2\/media?parent=12582"}],"wp:term":[{"taxonomy":"category","embeddable":true,"href":"https:\/\/happynessradio.fr\/oise\/wp-json\/wp\/v2\/categories?post=12582"},{"taxonomy":"post_tag","embeddable":true,"href":"https:\/\/happynessradio.fr\/oise\/wp-json\/wp\/v2\/tags?post=12582"}],"curies":[{"name":"wp","href":"https:\/\/api.w.org\/{rel}","templated":true}]}}