{"id":9767,"date":"2025-09-22T18:53:50","date_gmt":"2025-09-22T16:53:50","guid":{"rendered":"https:\/\/happynessradio.fr\/?p=9767"},"modified":"2025-12-30T18:54:03","modified_gmt":"2025-12-30T17:54:03","slug":"beauvais-daniel-balavoine-a-lhonneur","status":"publish","type":"post","link":"https:\/\/happynessradio.fr\/oise\/articles\/beauvais-daniel-balavoine-a-lhonneur\/","title":{"rendered":"Beauvais : Daniel Balavoine \u00e0 l&rsquo;honneur"},"content":{"rendered":"\n<p><em>Le chanteur Daniel Balavoine sera \u00e0 l&rsquo;honneur avec un concert intitul\u00e9 \u00ab\u00a0Balavoine, ma bataille\u00a0\u00bb le jeudi 25 septembre \u00e0 la salle l\u2019\u00c9lispace \u00e0 Beauvais. Arthur Dubuc, coproducteur de la tourn\u00e9e, \u00e9tait l&rsquo;invit\u00e9 de C\u00e9lia et Guillaume. <\/em><\/p>\n\n\n\n<h2 class=\"wp-block-heading\"><strong>Avant-premi\u00e8re le 25 septembre.<\/strong><\/h2>\n\n\n\n<p>Les fans du chanteur Daniel Balavoine seront ravis d&rsquo;apprendre qu&rsquo;un spectacle hommage \u00e0 cet artiste populaire sera jou\u00e9 en avant-premi\u00e8re le jeudi 25 septembre \u00e0 la salle l\u2019\u00c9lispace de Beauvais.<\/p>\n\n\n\n<h2 class=\"wp-block-heading\"><strong>Une cr\u00e9ation in\u00e9dite.<\/strong><\/h2>\n\n\n\n<p>Il s&rsquo;agit d&rsquo;une cr\u00e9ation in\u00e9dite o\u00f9 le spectateur pourra entendre des titres bien connus du r\u00e9pertoire du chanteur comme par exemple L\u2019Aziza et SOS d\u2019un terrien en d\u00e9tresse, avec d&rsquo;ailleurs une interpr\u00e9tation in\u00e9dite de ce c\u00e9l\u00e8bre tube.<\/p>\n\n\n\n<h2 class=\"wp-block-heading\"><strong>De nombreux artistes sur sc\u00e8ne<\/strong>.<\/h2>\n\n\n\n<p>De nombreux artistes seront r\u00e9unis sur sc\u00e8ne tels que Nour et Aur\u00e9lien Vivos gagnants du t\u00e9l\u00e9-crochet The Voice sans oublier Odem, Florence Fran\u00e7ois et Antoine Wend.<\/p>\n\n\n\n<h2 class=\"wp-block-heading\"><strong>Un projet suivi de pr\u00eat par le fr\u00e8re du c\u00e9l\u00e8bre  interpr\u00e8te<\/strong>.<\/h2>\n\n\n\n<p>Ce projet de sa pr\u00e9paration jusqu&rsquo;\u00e0 l&rsquo;interpr\u00e9tation a \u00e9t\u00e9 suivi de pr\u00e8s par Guy Balavoine qui n&rsquo;est autre que le fr\u00e8re du c\u00e9l\u00e8bre chanteur qui a donn\u00e9 son approbation et son soutien \u00e0 tous ces jeunes chanteurs.<\/p>\n\n\n\n<h2 class=\"wp-block-heading\"><strong>Une programmation \u00e0 l&rsquo;occasion de la date anniversaire de la disparition de l&rsquo;artiste. <\/strong><\/h2>\n\n\n\n<p>Le spectacle \u00a0\u00bb <a href=\"https:\/\/www.balavoinemabataille.com\/\">Balavoine, ma bataille<\/a> \u00a0\u00bb sera programm\u00e9 \u00e0 l&rsquo;occasion de la date anniversaire de la disparition de l&rsquo;artiste, survenue le samedi 4 janvier 1986 \u00e0 l&rsquo;\u00e2ge de 33 ans dans un crash d&rsquo;h\u00e9licopt\u00e8re lors du c\u00e9l\u00e8bre rallye Paris-Dakar.<\/p>\n\n\n\n<h2 class=\"wp-block-heading\"> <strong>Un moment \u00e9mouvant et authentique.<\/strong><\/h2>\n\n\n\n<p>Ce concert donne l&rsquo;occasion d&rsquo;un moment \u00e9mouvant et authentique mais \u00e9galement saisissant  comme se d\u00e9finissait Daniel Balavoine avec son titre \u00a0\u00bb Le chanteur \u00ab\u00a0. <\/p>\n\n\n\n<h2 class=\"wp-block-heading\"><strong>Une \u00e9quipe prodigieuse.<\/strong><\/h2>\n\n\n\n<p>C&rsquo;est une tourn\u00e9e port\u00e9e par une \u00e9quipe prodigieuse compos\u00e9e notamment de Jacques Rouveyrollis pour la mise en lumi\u00e8re avec une coproduction Artcosc\u00e8ne Productions et AA Organisation.<\/p>\n\n\n\n<h2 class=\"wp-block-heading\"><strong>Antoine Dubuc au micro de Quoi d&rsquo;neuf ? Beauvais. <\/strong><\/h2>\n\n\n\n<p>Nous vous invitons \u00e0 \u00e9couter ou \u00e0 r\u00e9\u00e9couter l&rsquo;interview du coproducteur Antoine Dubuc au micro de <a href=\"https:\/\/happynessradio.fr\/oise\/amiens\/podcasts\/quoi-d-neuf-beauvais\/\">Quoi d&rsquo;neuf ? Beauvais<\/a>.<\/p>\n\n\n\n<figure class=\"wp-block-embed is-type-video is-provider-youtube wp-block-embed-youtube wp-embed-aspect-16-9 wp-has-aspect-ratio\"><div class=\"wp-block-embed__wrapper\">\n<iframe title=\"BALAVOINE, Ma Bataille \u2013 La bande-annonce officielle du spectacle hommage\" width=\"800\" height=\"450\" src=\"https:\/\/www.youtube.com\/embed\/3BQjEUawKnE?feature=oembed\" frameborder=\"0\" allow=\"accelerometer; autoplay; clipboard-write; encrypted-media; gyroscope; picture-in-picture; web-share\" referrerpolicy=\"strict-origin-when-cross-origin\" allowfullscreen><\/iframe>\n<\/div><\/figure>\n\n\n\n<hr class=\"wp-block-separator has-alpha-channel-opacity\" \/>\n\n\n\n<p>Happyness Oise, Happyness Beauvais, <\/p>\n","protected":false},"excerpt":{"rendered":"<p>Le chanteur Daniel Balavoine sera \u00e0 l&rsquo;honneur avec un concert intitul\u00e9 \u00ab\u00a0Balavoine, ma bataille\u00a0\u00bb le jeudi 25 septembre \u00e0 la salle l\u2019\u00c9lispace \u00e0 Beauvais. Arthur Dubuc, coproducteur de la tourn\u00e9e, \u00e9tait l&rsquo;invit\u00e9 de C\u00e9lia et Guillaume. Avant-premi\u00e8re le 25 septembre. Les fans du chanteur Daniel Balavoine seront ravis d&rsquo;apprendre qu&rsquo;un spectacle hommage \u00e0 cet artiste populaire sera jou\u00e9 en avant-premi\u00e8re le jeudi 25 septembre \u00e0 la salle l\u2019\u00c9lispace de Beauvais. Une cr\u00e9ation in\u00e9dite. Il s&rsquo;agit d&rsquo;une cr\u00e9ation in\u00e9dite o\u00f9 le spectateur pourra entendre des titres bien connus du r\u00e9pertoire du chanteur comme par exemple L\u2019Aziza et SOS d\u2019un terrien en d\u00e9tresse, avec d&rsquo;ailleurs une interpr\u00e9tation in\u00e9dite de ce c\u00e9l\u00e8bre tube. De nombreux artistes sur sc\u00e8ne. De nombreux artistes seront r\u00e9unis sur sc\u00e8ne tels que Nour et Aur\u00e9lien Vivos gagnants du t\u00e9l\u00e9-crochet The Voice sans oublier Odem, Florence Fran\u00e7ois et Antoine Wend. Un projet suivi de pr\u00eat par le fr\u00e8re du c\u00e9l\u00e8bre interpr\u00e8te. Ce projet de sa pr\u00e9paration jusqu&rsquo;\u00e0 l&rsquo;interpr\u00e9tation a \u00e9t\u00e9 suivi de pr\u00e8s par Guy Balavoine qui n&rsquo;est autre que le fr\u00e8re du c\u00e9l\u00e8bre chanteur qui a donn\u00e9 son approbation et son soutien \u00e0 tous ces jeunes chanteurs. Une programmation \u00e0 l&rsquo;occasion de la date anniversaire de la disparition de l&rsquo;artiste. Le spectacle \u00a0\u00bb Balavoine, ma bataille \u00a0\u00bb sera programm\u00e9 \u00e0 l&rsquo;occasion de la date anniversaire de la disparition de l&rsquo;artiste, survenue le samedi 4 janvier 1986 \u00e0 l&rsquo;\u00e2ge de 33 ans dans un crash d&rsquo;h\u00e9licopt\u00e8re lors du c\u00e9l\u00e8bre rallye Paris-Dakar. Un moment \u00e9mouvant et authentique. Ce concert donne l&rsquo;occasion d&rsquo;un moment \u00e9mouvant et authentique mais \u00e9galement saisissant comme se d\u00e9finissait Daniel Balavoine avec son titre \u00a0\u00bb Le chanteur \u00ab\u00a0. Une \u00e9quipe prodigieuse. C&rsquo;est une tourn\u00e9e port\u00e9e par une \u00e9quipe prodigieuse compos\u00e9e notamment de Jacques Rouveyrollis pour la mise en lumi\u00e8re avec une coproduction Artcosc\u00e8ne Productions et AA Organisation. Antoine Dubuc au micro de Quoi d&rsquo;neuf ? Beauvais. Nous vous invitons \u00e0 \u00e9couter ou \u00e0 r\u00e9\u00e9couter l&rsquo;interview du coproducteur Antoine Dubuc au micro de Quoi d&rsquo;neuf ? Beauvais. Happyness Oise, Happyness Beauvais,<\/p>\n","protected":false},"author":6,"featured_media":10974,"comment_status":"open","ping_status":"open","sticky":false,"template":"","format":"standard","meta":{"_lmt_disableupdate":"","_lmt_disable":"","footnotes":""},"categories":[8],"tags":[],"class_list":["post-9767","post","type-post","status-publish","format-standard","has-post-thumbnail","hentry","category-oise"],"yoast_head":"<!-- This site is optimized with the Yoast SEO plugin v27.5 - https:\/\/yoast.com\/product\/yoast-seo-wordpress\/ -->\n<title>Beauvais : Daniel Balavoine \u00e0 l&#039;honneur - Happyness Oise<\/title>\n<meta name=\"description\" content=\"Beauvais : Daniel Balavoine \u00e0 l&#039;honneur, Le chanteur Daniel Balavoine sera \u00e0 l&#039;honneur avec un concert intitul\u00e9 &quot;Balavoine, ma bataille&quot;\" \/>\n<meta name=\"robots\" content=\"index, follow, max-snippet:-1, max-image-preview:large, max-video-preview:-1\" \/>\n<link rel=\"canonical\" href=\"https:\/\/happynessradio.fr\/oise\/articles\/beauvais-daniel-balavoine-a-lhonneur\/\" \/>\n<meta property=\"og:locale\" content=\"fr_FR\" \/>\n<meta property=\"og:type\" content=\"article\" \/>\n<meta property=\"og:title\" content=\"Beauvais : Daniel Balavoine \u00e0 l&#039;honneur - Happyness Oise\" \/>\n<meta property=\"og:description\" content=\"Beauvais : Daniel Balavoine \u00e0 l&#039;honneur, Le chanteur Daniel Balavoine sera \u00e0 l&#039;honneur avec un concert intitul\u00e9 &quot;Balavoine, ma bataille&quot;\" \/>\n<meta property=\"og:url\" content=\"https:\/\/happynessradio.fr\/oise\/articles\/beauvais-daniel-balavoine-a-lhonneur\/\" \/>\n<meta property=\"og:site_name\" content=\"Happyness Oise\" \/>\n<meta property=\"article:published_time\" content=\"2025-09-22T16:53:50+00:00\" \/>\n<meta property=\"article:modified_time\" content=\"2025-12-30T17:54:03+00:00\" \/>\n<meta property=\"og:image\" content=\"https:\/\/happynessradio.fr\/oise\/wp-content\/uploads\/sites\/2\/2025\/12\/Visuel-Aucun.webp\" \/>\n\t<meta property=\"og:image:width\" content=\"1084\" \/>\n\t<meta property=\"og:image:height\" content=\"487\" \/>\n\t<meta property=\"og:image:type\" content=\"image\/webp\" \/>\n<meta name=\"author\" content=\"Lo\u00efc Dun\" \/>\n<meta name=\"twitter:card\" content=\"summary_large_image\" \/>\n<meta name=\"twitter:label1\" content=\"\u00c9crit par\" \/>\n\t<meta name=\"twitter:data1\" content=\"Lo\u00efc Dun\" \/>\n\t<meta name=\"twitter:label2\" content=\"Dur\u00e9e de lecture estim\u00e9e\" \/>\n\t<meta name=\"twitter:data2\" content=\"2 minutes\" \/>\n<script type=\"application\/ld+json\" class=\"yoast-schema-graph\">{\"@context\":\"https:\\\/\\\/schema.org\",\"@graph\":[{\"@type\":\"Article\",\"@id\":\"https:\\\/\\\/happynessradio.fr\\\/oise\\\/articles\\\/beauvais-daniel-balavoine-a-lhonneur\\\/#article\",\"isPartOf\":{\"@id\":\"https:\\\/\\\/happynessradio.fr\\\/oise\\\/articles\\\/beauvais-daniel-balavoine-a-lhonneur\\\/\"},\"author\":{\"name\":\"Lo\u00efc Dun\",\"@id\":\"https:\\\/\\\/happynessradio.fr\\\/oise\\\/#\\\/schema\\\/person\\\/735f1a1ba15f9478beb4249ad52f7252\"},\"headline\":\"Beauvais : Daniel Balavoine \u00e0 l&rsquo;honneur\",\"datePublished\":\"2025-09-22T16:53:50+00:00\",\"dateModified\":\"2025-12-30T17:54:03+00:00\",\"mainEntityOfPage\":{\"@id\":\"https:\\\/\\\/happynessradio.fr\\\/oise\\\/articles\\\/beauvais-daniel-balavoine-a-lhonneur\\\/\"},\"wordCount\":389,\"commentCount\":0,\"image\":{\"@id\":\"https:\\\/\\\/happynessradio.fr\\\/oise\\\/articles\\\/beauvais-daniel-balavoine-a-lhonneur\\\/#primaryimage\"},\"thumbnailUrl\":\"https:\\\/\\\/happynessradio.fr\\\/oise\\\/wp-content\\\/uploads\\\/sites\\\/2\\\/2025\\\/12\\\/Visuel-Aucun.webp\",\"articleSection\":[\"Oise\"],\"inLanguage\":\"fr-FR\",\"potentialAction\":[{\"@type\":\"CommentAction\",\"name\":\"Comment\",\"target\":[\"https:\\\/\\\/happynessradio.fr\\\/oise\\\/articles\\\/beauvais-daniel-balavoine-a-lhonneur\\\/#respond\"]}]},{\"@type\":\"WebPage\",\"@id\":\"https:\\\/\\\/happynessradio.fr\\\/oise\\\/articles\\\/beauvais-daniel-balavoine-a-lhonneur\\\/\",\"url\":\"https:\\\/\\\/happynessradio.fr\\\/oise\\\/articles\\\/beauvais-daniel-balavoine-a-lhonneur\\\/\",\"name\":\"Beauvais : Daniel Balavoine \u00e0 l'honneur - Happyness Oise\",\"isPartOf\":{\"@id\":\"https:\\\/\\\/happynessradio.fr\\\/oise\\\/#website\"},\"primaryImageOfPage\":{\"@id\":\"https:\\\/\\\/happynessradio.fr\\\/oise\\\/articles\\\/beauvais-daniel-balavoine-a-lhonneur\\\/#primaryimage\"},\"image\":{\"@id\":\"https:\\\/\\\/happynessradio.fr\\\/oise\\\/articles\\\/beauvais-daniel-balavoine-a-lhonneur\\\/#primaryimage\"},\"thumbnailUrl\":\"https:\\\/\\\/happynessradio.fr\\\/oise\\\/wp-content\\\/uploads\\\/sites\\\/2\\\/2025\\\/12\\\/Visuel-Aucun.webp\",\"datePublished\":\"2025-09-22T16:53:50+00:00\",\"dateModified\":\"2025-12-30T17:54:03+00:00\",\"author\":{\"@id\":\"https:\\\/\\\/happynessradio.fr\\\/oise\\\/#\\\/schema\\\/person\\\/735f1a1ba15f9478beb4249ad52f7252\"},\"description\":\"Beauvais : Daniel Balavoine \u00e0 l'honneur, Le chanteur Daniel Balavoine sera \u00e0 l'honneur avec un concert intitul\u00e9 \\\"Balavoine, ma bataille\\\"\",\"breadcrumb\":{\"@id\":\"https:\\\/\\\/happynessradio.fr\\\/oise\\\/articles\\\/beauvais-daniel-balavoine-a-lhonneur\\\/#breadcrumb\"},\"inLanguage\":\"fr-FR\",\"potentialAction\":[{\"@type\":\"ReadAction\",\"target\":[\"https:\\\/\\\/happynessradio.fr\\\/oise\\\/articles\\\/beauvais-daniel-balavoine-a-lhonneur\\\/\"]}]},{\"@type\":\"ImageObject\",\"inLanguage\":\"fr-FR\",\"@id\":\"https:\\\/\\\/happynessradio.fr\\\/oise\\\/articles\\\/beauvais-daniel-balavoine-a-lhonneur\\\/#primaryimage\",\"url\":\"https:\\\/\\\/happynessradio.fr\\\/oise\\\/wp-content\\\/uploads\\\/sites\\\/2\\\/2025\\\/12\\\/Visuel-Aucun.webp\",\"contentUrl\":\"https:\\\/\\\/happynessradio.fr\\\/oise\\\/wp-content\\\/uploads\\\/sites\\\/2\\\/2025\\\/12\\\/Visuel-Aucun.webp\",\"width\":1084,\"height\":487},{\"@type\":\"BreadcrumbList\",\"@id\":\"https:\\\/\\\/happynessradio.fr\\\/oise\\\/articles\\\/beauvais-daniel-balavoine-a-lhonneur\\\/#breadcrumb\",\"itemListElement\":[{\"@type\":\"ListItem\",\"position\":1,\"name\":\"Accueil\",\"item\":\"https:\\\/\\\/happynessradio.fr\\\/oise\\\/\"},{\"@type\":\"ListItem\",\"position\":2,\"name\":\"Beauvais : Daniel Balavoine \u00e0 l&rsquo;honneur\"}]},{\"@type\":\"WebSite\",\"@id\":\"https:\\\/\\\/happynessradio.fr\\\/oise\\\/#website\",\"url\":\"https:\\\/\\\/happynessradio.fr\\\/oise\\\/\",\"name\":\"Happyness Oise\",\"description\":\"Toujours au plus proche de vous\",\"potentialAction\":[{\"@type\":\"SearchAction\",\"target\":{\"@type\":\"EntryPoint\",\"urlTemplate\":\"https:\\\/\\\/happynessradio.fr\\\/oise\\\/?s={search_term_string}\"},\"query-input\":{\"@type\":\"PropertyValueSpecification\",\"valueRequired\":true,\"valueName\":\"search_term_string\"}}],\"inLanguage\":\"fr-FR\"},{\"@type\":\"Person\",\"@id\":\"https:\\\/\\\/happynessradio.fr\\\/oise\\\/#\\\/schema\\\/person\\\/735f1a1ba15f9478beb4249ad52f7252\",\"name\":\"Lo\u00efc Dun\",\"image\":{\"@type\":\"ImageObject\",\"inLanguage\":\"fr-FR\",\"@id\":\"https:\\\/\\\/happynessradio.fr\\\/amiens\\\/wp-content\\\/uploads\\\/sites\\\/3\\\/2025\\\/12\\\/cropped-Portrait-Loic-25-26-96x96.webp\",\"url\":\"https:\\\/\\\/happynessradio.fr\\\/amiens\\\/wp-content\\\/uploads\\\/sites\\\/3\\\/2025\\\/12\\\/cropped-Portrait-Loic-25-26-96x96.webp\",\"contentUrl\":\"https:\\\/\\\/happynessradio.fr\\\/amiens\\\/wp-content\\\/uploads\\\/sites\\\/3\\\/2025\\\/12\\\/cropped-Portrait-Loic-25-26-96x96.webp\",\"caption\":\"Lo\u00efc Dun\"},\"description\":\"R\u00e9dacteur web Happyness. Co-animateur (chroniqueur) Quoi d'neuf ? Amiens Chroniqueur Le R\u00e9veil Happyness\",\"sameAs\":[\"https:\\\/\\\/www.instagram.com\\\/lolo80radio\\\/\",\"https:\\\/\\\/www.linkedin.com\\\/in\\\/loc-d-365960164\\\/\"],\"url\":\"https:\\\/\\\/happynessradio.fr\\\/oise\\\/articles\\\/author\\\/loicdun\\\/\"}]}<\/script>\n<!-- \/ Yoast SEO plugin. -->","yoast_head_json":{"title":"Beauvais : Daniel Balavoine \u00e0 l'honneur - Happyness Oise","description":"Beauvais : Daniel Balavoine \u00e0 l'honneur, Le chanteur Daniel Balavoine sera \u00e0 l'honneur avec un concert intitul\u00e9 \"Balavoine, ma bataille\"","robots":{"index":"index","follow":"follow","max-snippet":"max-snippet:-1","max-image-preview":"max-image-preview:large","max-video-preview":"max-video-preview:-1"},"canonical":"https:\/\/happynessradio.fr\/oise\/articles\/beauvais-daniel-balavoine-a-lhonneur\/","og_locale":"fr_FR","og_type":"article","og_title":"Beauvais : Daniel Balavoine \u00e0 l'honneur - Happyness Oise","og_description":"Beauvais : Daniel Balavoine \u00e0 l'honneur, Le chanteur Daniel Balavoine sera \u00e0 l'honneur avec un concert intitul\u00e9 \"Balavoine, ma bataille\"","og_url":"https:\/\/happynessradio.fr\/oise\/articles\/beauvais-daniel-balavoine-a-lhonneur\/","og_site_name":"Happyness Oise","article_published_time":"2025-09-22T16:53:50+00:00","article_modified_time":"2025-12-30T17:54:03+00:00","og_image":[{"width":1084,"height":487,"url":"https:\/\/happynessradio.fr\/oise\/wp-content\/uploads\/sites\/2\/2025\/12\/Visuel-Aucun.webp","type":"image\/webp"}],"author":"Lo\u00efc Dun","twitter_card":"summary_large_image","twitter_misc":{"\u00c9crit par":"Lo\u00efc Dun","Dur\u00e9e de lecture estim\u00e9e":"2 minutes"},"schema":{"@context":"https:\/\/schema.org","@graph":[{"@type":"Article","@id":"https:\/\/happynessradio.fr\/oise\/articles\/beauvais-daniel-balavoine-a-lhonneur\/#article","isPartOf":{"@id":"https:\/\/happynessradio.fr\/oise\/articles\/beauvais-daniel-balavoine-a-lhonneur\/"},"author":{"name":"Lo\u00efc Dun","@id":"https:\/\/happynessradio.fr\/oise\/#\/schema\/person\/735f1a1ba15f9478beb4249ad52f7252"},"headline":"Beauvais : Daniel Balavoine \u00e0 l&rsquo;honneur","datePublished":"2025-09-22T16:53:50+00:00","dateModified":"2025-12-30T17:54:03+00:00","mainEntityOfPage":{"@id":"https:\/\/happynessradio.fr\/oise\/articles\/beauvais-daniel-balavoine-a-lhonneur\/"},"wordCount":389,"commentCount":0,"image":{"@id":"https:\/\/happynessradio.fr\/oise\/articles\/beauvais-daniel-balavoine-a-lhonneur\/#primaryimage"},"thumbnailUrl":"https:\/\/happynessradio.fr\/oise\/wp-content\/uploads\/sites\/2\/2025\/12\/Visuel-Aucun.webp","articleSection":["Oise"],"inLanguage":"fr-FR","potentialAction":[{"@type":"CommentAction","name":"Comment","target":["https:\/\/happynessradio.fr\/oise\/articles\/beauvais-daniel-balavoine-a-lhonneur\/#respond"]}]},{"@type":"WebPage","@id":"https:\/\/happynessradio.fr\/oise\/articles\/beauvais-daniel-balavoine-a-lhonneur\/","url":"https:\/\/happynessradio.fr\/oise\/articles\/beauvais-daniel-balavoine-a-lhonneur\/","name":"Beauvais : Daniel Balavoine \u00e0 l'honneur - Happyness Oise","isPartOf":{"@id":"https:\/\/happynessradio.fr\/oise\/#website"},"primaryImageOfPage":{"@id":"https:\/\/happynessradio.fr\/oise\/articles\/beauvais-daniel-balavoine-a-lhonneur\/#primaryimage"},"image":{"@id":"https:\/\/happynessradio.fr\/oise\/articles\/beauvais-daniel-balavoine-a-lhonneur\/#primaryimage"},"thumbnailUrl":"https:\/\/happynessradio.fr\/oise\/wp-content\/uploads\/sites\/2\/2025\/12\/Visuel-Aucun.webp","datePublished":"2025-09-22T16:53:50+00:00","dateModified":"2025-12-30T17:54:03+00:00","author":{"@id":"https:\/\/happynessradio.fr\/oise\/#\/schema\/person\/735f1a1ba15f9478beb4249ad52f7252"},"description":"Beauvais : Daniel Balavoine \u00e0 l'honneur, Le chanteur Daniel Balavoine sera \u00e0 l'honneur avec un concert intitul\u00e9 \"Balavoine, ma bataille\"","breadcrumb":{"@id":"https:\/\/happynessradio.fr\/oise\/articles\/beauvais-daniel-balavoine-a-lhonneur\/#breadcrumb"},"inLanguage":"fr-FR","potentialAction":[{"@type":"ReadAction","target":["https:\/\/happynessradio.fr\/oise\/articles\/beauvais-daniel-balavoine-a-lhonneur\/"]}]},{"@type":"ImageObject","inLanguage":"fr-FR","@id":"https:\/\/happynessradio.fr\/oise\/articles\/beauvais-daniel-balavoine-a-lhonneur\/#primaryimage","url":"https:\/\/happynessradio.fr\/oise\/wp-content\/uploads\/sites\/2\/2025\/12\/Visuel-Aucun.webp","contentUrl":"https:\/\/happynessradio.fr\/oise\/wp-content\/uploads\/sites\/2\/2025\/12\/Visuel-Aucun.webp","width":1084,"height":487},{"@type":"BreadcrumbList","@id":"https:\/\/happynessradio.fr\/oise\/articles\/beauvais-daniel-balavoine-a-lhonneur\/#breadcrumb","itemListElement":[{"@type":"ListItem","position":1,"name":"Accueil","item":"https:\/\/happynessradio.fr\/oise\/"},{"@type":"ListItem","position":2,"name":"Beauvais : Daniel Balavoine \u00e0 l&rsquo;honneur"}]},{"@type":"WebSite","@id":"https:\/\/happynessradio.fr\/oise\/#website","url":"https:\/\/happynessradio.fr\/oise\/","name":"Happyness Oise","description":"Toujours au plus proche de vous","potentialAction":[{"@type":"SearchAction","target":{"@type":"EntryPoint","urlTemplate":"https:\/\/happynessradio.fr\/oise\/?s={search_term_string}"},"query-input":{"@type":"PropertyValueSpecification","valueRequired":true,"valueName":"search_term_string"}}],"inLanguage":"fr-FR"},{"@type":"Person","@id":"https:\/\/happynessradio.fr\/oise\/#\/schema\/person\/735f1a1ba15f9478beb4249ad52f7252","name":"Lo\u00efc Dun","image":{"@type":"ImageObject","inLanguage":"fr-FR","@id":"https:\/\/happynessradio.fr\/amiens\/wp-content\/uploads\/sites\/3\/2025\/12\/cropped-Portrait-Loic-25-26-96x96.webp","url":"https:\/\/happynessradio.fr\/amiens\/wp-content\/uploads\/sites\/3\/2025\/12\/cropped-Portrait-Loic-25-26-96x96.webp","contentUrl":"https:\/\/happynessradio.fr\/amiens\/wp-content\/uploads\/sites\/3\/2025\/12\/cropped-Portrait-Loic-25-26-96x96.webp","caption":"Lo\u00efc Dun"},"description":"R\u00e9dacteur web Happyness. Co-animateur (chroniqueur) Quoi d'neuf ? Amiens Chroniqueur Le R\u00e9veil Happyness","sameAs":["https:\/\/www.instagram.com\/lolo80radio\/","https:\/\/www.linkedin.com\/in\/loc-d-365960164\/"],"url":"https:\/\/happynessradio.fr\/oise\/articles\/author\/loicdun\/"}]}},"modified_by":"Arnaud Lemaire","_links":{"self":[{"href":"https:\/\/happynessradio.fr\/oise\/wp-json\/wp\/v2\/posts\/9767","targetHints":{"allow":["GET"]}}],"collection":[{"href":"https:\/\/happynessradio.fr\/oise\/wp-json\/wp\/v2\/posts"}],"about":[{"href":"https:\/\/happynessradio.fr\/oise\/wp-json\/wp\/v2\/types\/post"}],"author":[{"embeddable":true,"href":"https:\/\/happynessradio.fr\/oise\/wp-json\/wp\/v2\/users\/6"}],"replies":[{"embeddable":true,"href":"https:\/\/happynessradio.fr\/oise\/wp-json\/wp\/v2\/comments?post=9767"}],"version-history":[{"count":1,"href":"https:\/\/happynessradio.fr\/oise\/wp-json\/wp\/v2\/posts\/9767\/revisions"}],"predecessor-version":[{"id":10988,"href":"https:\/\/happynessradio.fr\/oise\/wp-json\/wp\/v2\/posts\/9767\/revisions\/10988"}],"wp:featuredmedia":[{"embeddable":true,"href":"https:\/\/happynessradio.fr\/oise\/wp-json\/wp\/v2\/media\/10974"}],"wp:attachment":[{"href":"https:\/\/happynessradio.fr\/oise\/wp-json\/wp\/v2\/media?parent=9767"}],"wp:term":[{"taxonomy":"category","embeddable":true,"href":"https:\/\/happynessradio.fr\/oise\/wp-json\/wp\/v2\/categories?post=9767"},{"taxonomy":"post_tag","embeddable":true,"href":"https:\/\/happynessradio.fr\/oise\/wp-json\/wp\/v2\/tags?post=9767"}],"curies":[{"name":"wp","href":"https:\/\/api.w.org\/{rel}","templated":true}]}}